{"id":153797,"date":"2020-10-02T15:50:14","date_gmt":"2020-10-02T13:50:14","guid":{"rendered":"https:\/\/online.smago.de\/ws2\/?p=153797"},"modified":"2020-10-02T15:50:14","modified_gmt":"2020-10-02T13:50:14","slug":"sepp-forcher-samstag-03-10-2020-orf-2-mein-lebensberg-sepp-forcher-und-der-grossglockner","status":"publish","type":"post","link":"https:\/\/smago.de\/ws2\/volksmusik\/sepp-forcher-samstag-03-10-2020-orf-2-mein-lebensberg-sepp-forcher-und-der-grossglockner\/","title":{"rendered":"SEPP FORCHER <br>Samstag (03.10.2020), ORF 2: &#8222;Mein Lebensberg \u2013 Sepp Forcher und der Gro\u00dfglockner\u201c!"},"content":{"rendered":"<p>Insgesamt 32 Mal hat Sepp Forscher den Gro\u00dfglockner\u00a0bestiegen, zum ersten Mal vor 70 Jahren &#8230;:<br \/>\n<!--more--><\/p>\n<p>&nbsp;<\/p>\n<p style=\"text-align: justify;\">\n<p style=\"text-align: justify;\">\u201eDer Gro\u00dfglockner ist mein Lebensberg\u201c, sagt Sepp Forcher. Insgesamt 32 Mal hat er ihn bestiegen, zum ersten Mal vor 70 Jahren. Es sind pr\u00e4gende Erlebnisse und eine besondere Geschichte, die Sepp Forcher mit dem Gro\u00dfglockner verbinden, seine Erinnerungen ziehen sich \u00fcber einen ganzen Lebensabschnitt. Am Samstag, dem 3. Oktober 2020, teilt er diese um 20.15 Uhr in ORF 2 in \u201eMein Lebensberg \u2013 Sepp Forcher und der Gro\u00dfglockner\u201c mit dem Publikum.<\/p>\n<p style=\"text-align: justify;\"><strong>Sepp Forcher:<\/strong> <em>\u201eWenn ein alter Baum umgeschnitten wird, z\u00e4hlt man die Jahresringe. Daraus l\u00e4sst sich seine Lebensgeschichte ablesen. Mich hat man zwar noch nicht umgeschnitten, aber die meisten Inhalte meiner Jahresringe sind mir noch gegenw\u00e4rtig. Am st\u00e4rksten gepr\u00e4gt haben mich die Berge und ganz besonders der Gro\u00dfglockner, in dessen K\u00f6nigreich ich meine Helli kennen gelernt habe. Was braucht es noch mehr, um den Begriff Lebensberg zu definieren?\u201c<\/em><\/p>\n<p>&nbsp;<\/p>\n<p style=\"text-align: justify;\"><strong>ORF-Generaldirektor Dr. Alexander Wrabetz:<\/strong> \u201eLieber, sehr geehrter Sepp Forcher, Sie haben in Ihrem \u201aKlingenden \u00d6sterreich\u2018 in 200 Ausgaben Ihre Liebe zur Volksmusik, zur Natur und zum heimischen Brauchtum an unser Publikum in Ihrer unvergleichlichen, immer authentischen Art und Weise weitergegeben. Es freut mich ganz besonders, dass Sie nach der letzten Sendung im M\u00e4rz nun in einer neuen Produktion die Zuschauerinnen und Zuschauer an Ihren ganz pers\u00f6nlichen Erinnerungen an den Gro\u00dfglockner \u2013 Ihren Lebensberg \u2013 teilhaben lassen. Daf\u00fcr danke ich Ihnen, Ihrer Frau Helli und allen, die diese Produktion erm\u00f6glicht haben.\u201c<\/p>\n<p>&nbsp;<\/p>\n<p style=\"text-align: justify;\"><strong>Gerhard Koch, Landesdirektor ORF Steiermark:<\/strong> \u201eSepp Forcher ist DER gro\u00dfe Geschichtenerz\u00e4hler \u00d6sterreichs im Fernsehen, der den Blick der Menschen auf die Besonderheiten unseres Landes im Gro\u00dfen und Kleinen lenkt. Nach rund dreieinhalb Jahrzehnten erfolgreicher TV-Pr\u00e4senz und mit neun Jahrzehnten Lebenserfahrung erz\u00e4hlt er uns nun die Geschichte seines Lebensbergs \u2013 \u00fcber die kraftvolle und ber\u00fchrende Verbundenheit mit dem Gro\u00dfglockner. Wir danken \u201aunserem\u2018 Sepp f\u00fcr sein Wirken, seine Leidenschaft und vor allem auch f\u00fcr seine tiefe Verbundenheit mit dem ORF und freuen uns mit dem Fernsehpublikum auf eine einzigartige Hauptabendsendung: Zwei Wahrzeichen \u00d6sterreichs im Dialog \u2013 der h\u00f6chste Berg und die TV-Legende.\u201c<\/p>\n<p style=\"text-align: justify;\">\n<p style=\"text-align: justify;\">\n<p>&nbsp;<\/p>\n<p>&nbsp;<\/p>\n<p style=\"text-align: justify;\">\n<p><strong>\u201eMein Lebensberg \u2013 Sepp Forcher und der Gro\u00dfglockner\u201c am 3. Oktober in ORF 2<\/strong><\/p>\n<p>&nbsp;<\/p>\n<p style=\"text-align: justify;\">\n<p>Als Tr\u00e4ger ging Sepp Forcher t\u00e4glich mit einer Durchschnittslast von 60 Kilo von der Kaiser-Franz-Josefs-H\u00f6he drei Stunden zur Oberwalderh\u00fctte. Hier lernte Sepp Forcher auch seine Helli kennen, 1952 erklomm das zuk\u00fcnftige Ehepaar erstmals gemeinsam den Gipfel des h\u00f6chsten \u201e\u00d6sterreichers\u201c. Knapp sieben Jahrzehnte sp\u00e4ter begibt sich Sepp Forcher auf eine filmische Reise ins Gebiet des Gro\u00dfglockners und der Hohen Tauern. Im K\u00e4fertal bei Ferleiten beginnt sein Weg. Die Gro\u00dfglockner Hochalpenstra\u00dfe, deren Spatenstich im Geburtsjahr von Sepp Forcher erfolgte, Fuscher T\u00f6rl, die Edelwei\u00dfspitze, das Hochtor, der Margaritzenstausee, die Kaiser-Franz-Josefs-H\u00f6he, der Gamsgrubenweg, die Pasterze und schlie\u00dflich die Oberwalderh\u00fctte sind u. a. weitere Stationen der ORF-2-Hauptabendsendung, bei denen er Einblicke in den einzigartigen Lebensraum f\u00fcr Pflanzen und Tiere, die Hochbl\u00fcten von Kunst und Natur, die Eis- und Wasserwelt gibt. Und bei denen Sepp Forcher \u2013 auch gemeinsam mit seiner Helli \u2212 \u00fcber die gro\u00dfe Bedeutung des Gro\u00dfglockners f\u00fcr ihn erz\u00e4hlt: Damals Sehnsuchtsberg, zeitweise Schicksalsberg und heute Lebensberg.<\/p>\n<p>\u201eMein Lebensberg \u2013 Sepp Forcher und der Gro\u00dfglockner\u201c ist eine Produktion des ORF Landesstudio Steiermark. Regie f\u00fchrte Elisabeth Eisner.<\/p>\n","protected":false},"excerpt":{"rendered":"<p>Insgesamt 32 Mal hat Sepp Forscher den Gro\u00dfglockner\u00a0bestiegen, zum ersten Mal vor 70 Jahren &#8230;:<\/p>\n","protected":false},"author":2,"featured_media":153798,"comment_status":"open","ping_status":"closed","sticky":false,"template":"","format":"standard","meta":{"_FSMCFIC_featured_image_caption":"","_FSMCFIC_featured_image_nocaption":"","_FSMCFIC_featured_image_hide":""},"categories":[128,30],"tags":[1762],"acf":[],"_links":{"self":[{"href":"https:\/\/smago.de\/ws2\/wp-json\/wp\/v2\/posts\/153797"}],"collection":[{"href":"https:\/\/smago.de\/ws2\/wp-json\/wp\/v2\/posts"}],"about":[{"href":"https:\/\/smago.de\/ws2\/wp-json\/wp\/v2\/types\/post"}],"author":[{"embeddable":true,"href":"https:\/\/smago.de\/ws2\/wp-json\/wp\/v2\/users\/2"}],"replies":[{"embeddable":true,"href":"https:\/\/smago.de\/ws2\/wp-json\/wp\/v2\/comments?post=153797"}],"version-history":[{"count":1,"href":"https:\/\/smago.de\/ws2\/wp-json\/wp\/v2\/posts\/153797\/revisions"}],"predecessor-version":[{"id":153799,"href":"https:\/\/smago.de\/ws2\/wp-json\/wp\/v2\/posts\/153797\/revisions\/153799"}],"wp:featuredmedia":[{"embeddable":true,"href":"https:\/\/smago.de\/ws2\/wp-json\/wp\/v2\/media\/153798"}],"wp:attachment":[{"href":"https:\/\/smago.de\/ws2\/wp-json\/wp\/v2\/media?parent=153797"}],"wp:term":[{"taxonomy":"category","embeddable":true,"href":"https:\/\/smago.de\/ws2\/wp-json\/wp\/v2\/categories?post=153797"},{"taxonomy":"post_tag","embeddable":true,"href":"https:\/\/smago.de\/ws2\/wp-json\/wp\/v2\/tags?post=153797"}],"curies":[{"name":"wp","href":"https:\/\/api.w.org\/{rel}","templated":true}]}}