{"id":153743,"date":"2020-10-02T00:00:58","date_gmt":"2020-10-01T22:00:58","guid":{"rendered":"https:\/\/online.smago.de\/ws2\/?p=153743"},"modified":"2020-10-01T19:56:48","modified_gmt":"2020-10-01T17:56:48","slug":"katja-ebstein-u-a-heute-02-10-2020-in-der-ndr-talk-show-zu-gast","status":"publish","type":"post","link":"https:\/\/smago.de\/ws2\/schlager\/katja-ebstein-u-a-heute-02-10-2020-in-der-ndr-talk-show-zu-gast\/","title":{"rendered":"KATJA EBSTEIN u.a. <br>Heute (02.10.2020) in der &#8222;NDR Talk Show&#8220; zu Gast!"},"content":{"rendered":"<p>NDR fernsehen + hr fernsehen, 22:00 Uhr &#8211; 00:00 Uhr! Bettina Tietjen und J\u00f6rg Pilawa begr\u00fc\u00dfen in der NDR Talk Show folgende Talkg\u00e4ste &#8230;:<br \/>\n<!--more--><\/p>\n<p>&nbsp;<\/p>\n<p style=\"text-align: justify;\">\n<h3 style=\"text-align: justify;\">Abdelkarim, Comedian<\/h3>\n<div class=\"contentimage w50\" style=\"text-align: justify;\"><\/div>\n<p style=\"text-align: justify;\">Der &#8222;Marokkaner deines Vertrauens&#8220; oder &#8222;Staatsfreund Nr. 1&#8220; nennt sich Comedian Abdelkarim. Aufgewachsen ist er als Sohn marokkanischer Einwanderer zwischen Ghetto und Germanen &#8211; in Bielefeld. Das Spiel mit kulturellen Klischees und Vorurteilen beherrscht er perfekt. Nun bat ihn die Bundesanstalt f\u00fcr Politische Bildung, der Jugend das Grundgesetz n\u00e4her zu bringen. So kam es zu seinem neuen YouTube-Kanal &#8222;Abdelkratie&#8220;. In zehn Filmen erkl\u00e4rt er die S\u00e4ulen unserer Demokratie, wie Religionsfreiheit und Widerstand. Widerstand gegen die Corona-Beschr\u00e4nkungen erlebte der Kabarettist bei den Kundgebungen zum 1.Mai am eigenen Leib: Eine Gruppe Vermummter griff sein Team an. Aber Abdelkarim macht weiter und zwar mit seinem neuen Programm &#8222;Wir beruhigen uns&#8220; ab 31. Oktober. Comedy in Corona-Zeiten.<\/p>\n<p>&nbsp;<\/p>\n<p>&nbsp;<\/p>\n<p>&nbsp;<\/p>\n<p>&nbsp;<\/p>\n<h3 style=\"text-align: justify;\">Horst Janson, Schauspieler<\/h3>\n<div class=\"contentimage w50\" style=\"text-align: justify;\"><\/div>\n<p style=\"text-align: justify;\">Er ist &#8222;zu jung, um alt zu sein&#8220;, behauptet der Schauspieler Horst Janson, der am 04. Oktober immerhin seinen 85. Geburtstag feiert. \u00a0Den meisten ist er als &#8222;Bastian&#8220; in der gleichnamigen Serie von 1973 bekannt. Seinen Durchbruch als Schauspieler hatte er aber schon 1969 mit der ARD Fernsehserie &#8222;Salto Mortale&#8220;. International war er in der britischen Kom\u00f6die &#8222;Zwei Kerle aus Granit&#8220; neben Charles Bronson und Tony Curtis zu sehen. Er spielt auch an der Seite von anderen Weltstars wie Franco Nero, Peter O \u00b4 Toole oder Roger Moore. Sein j\u00fcngstes Publikum hatte er sicherlich als &#8222;Horst&#8220;, dem menschlichen Kumpel von Samson und Tiffy in der Sesamstra\u00dfe. Nun feiert er erstmal Geburtstag und macht sich sein eigenes Geschenk mit seiner Autobiographie: &#8222;Der 85-J\u00e4hrige, der morgens aufstand und immernoch jung war&#8220;. In der NDR Talk Show wird er von den \u00a0Licht- und Schattenseiten seines bewegten &#8222;jugendlichen&#8220; Lebens erz\u00e4hlen.<\/p>\n<h3 style=\"text-align: justify;\">Florian Schroeder, Kabarettist<\/h3>\n<div class=\"contentimage w50\" style=\"text-align: justify;\"><\/div>\n<p style=\"text-align: justify;\">&#8222;Erst wenn es richtig b\u00f6se ist, ist es wirklich gut&#8220;, hei\u00dft es in seinem letzten Programm &#8222;Ausnahmezustand&#8220;, mit dem der Kabarettist Florian Schroeder in den vergangenen zwei Jahren erfolgreich Deutschlands Kabarettb\u00fchnen bereiste. Im Herbst 2020 wird er seine Fans mit einem neuen Programm erfreuen. Und eins ist sicher &#8211; es wird wieder b\u00f6se, gesellschaftskritisch, politisch und feinsinnig. Bevor er im Norden auf Tour geht, besucht uns der Kabarettist in der NDR Talk Show.<\/p>\n<p>&nbsp;<\/p>\n<p>&nbsp;<\/p>\n<p>&nbsp;<\/p>\n<p>&nbsp;<\/p>\n<h3 style=\"text-align: justify;\">Katja Ebstein, S\u00e4ngerin und Schauspielerin<\/h3>\n<div class=\"contentimage w50\" style=\"text-align: justify;\"><\/div>\n<p style=\"text-align: justify;\">Sie ist eine Ikone der Musikszene und K\u00fcnstlerin mit Herz und Haltung. Kaum zu glauben, dass sie bereits ihr 55. Jubil\u00e4um als S\u00e4ngerin feiert. <a title=\"Zum Artikel: Deutschland: Katja Ebstein\" href=\"https:\/\/www.eurovision.de\/teilnehmer\/Deutschland-Katja-Ebstein-Portraet,katjaebstein125.html\" target=\"_blank\" rel=\"noopener noreferrer\">Dreimal hat Katja Ebstein Deutschland erfolgreich beim Grand Prix d`Eurovision vertreten<\/a>. &#8222;Theater Theater&#8220; und &#8222;Wunder gibt es immer wieder&#8220; sind die Ohrw\u00fcrmer, die bis heute nachklingen. Katja Ebstein ist Zeugin einer spannenden bewegten Zeit. In den achtziger Jahren wendet sie sich vermehrt dem Schauspielfach, dem Musical sowie literarischen B\u00fchnenauftritten zu, die ebenfalls begeistert gefeiert werden. Mit ihren Programmen zu Bertolt Brecht und Heinrich Heine ist sie bis heute auf Tour. Willy Brandt und G\u00fcnter Grass waren ihre politische Ziehv\u00e4ter, Benno Ohnesorg und Rudi Dutschke befeuerten ihren kritischen Geist. Inspiriert haben sie aber auch Begegnungen mit Udo Lindenberg und Angela Merkel, schreibt sie in ihren Erinnerungen mit dem Titel &#8222;Das ganze Leben ist Begegnung&#8220;. &#8222;Gute Begegnungen sind Brausepulver f\u00fcr die Seele, Futter f\u00fcr den Verstand&#8220; sagt sie &#8211; es gibt also nahrhafte Unterhaltung mit Katja Ebstein in der NDR Talk Show.<\/p>\n<p>&nbsp;<\/p>\n<p>&nbsp;<\/p>\n<p>&nbsp;<\/p>\n<p>&nbsp;<\/p>\n<h3 style=\"text-align: justify;\">Michael Tsokos, Rechtsmediziner<\/h3>\n<div class=\"contentimage w50\" style=\"text-align: justify;\"><\/div>\n<p style=\"text-align: justify;\">Michael Tsokos ist Professor f\u00fcr Rechtsmedizin und international anerkannter Experte auf dem Gebiet der Forensik. Seit 2007 leitet er das Institut f\u00fcr Rechtsmedizin der Charit\u00e9 in Berlin. In seinem Leben hat er ca. 30 000 Tote obduziert &#8211; immer mit dem Verdacht eines gewaltsamen Todes. Neben seiner T\u00e4tigkeit als Forensiker schreibt der 53-J\u00e4hrige erfolgreich Sachb\u00fccher und True-Crime-Thriller. Im Oktober erscheint mit &#8222;Zerrissen&#8220; der vierte Band der Krimireihe um den Rechtsmediziner Dr. Fred Abel. Zusammen mit Privatermittler Lars Moewig kl\u00e4rt Abel dieses Mal einen Fall in der Welt eines libanesischen Drogen-Clans. Wie nah der Autor Michael Tsokos an der Realit\u00e4t schreibt, erz\u00e4hlt der Rechtsmediziner in der NDR Talk Show.<\/p>\n<p>&nbsp;<\/p>\n<p>&nbsp;<\/p>\n<p>&nbsp;<\/p>\n<p>&nbsp;<\/p>\n<h3 style=\"text-align: justify;\">Anja Reschke, Journalistin und Moderatorin<\/h3>\n<p>&nbsp;<\/p>\n<p style=\"text-align: justify;\">Sie ist das Gesicht des politischen Journalismus im NDR. Seit 2001 moderiert sie das <a title=\"Zum Artikel: Link zur Webseite des Magazins Panorama im Ersten\" href=\"https:\/\/daserste.ndr.de\/panorama\/index.html\">Politmagazin &#8222;Panorama&#8220;<\/a>. Sie hat nicht nur die Gegenwart, sondern auch die Zukunft stets im Blick. Zu Beginn der Corona-Pandemie f\u00fchrte sie Gespr\u00e4che mit Experten aus verschiedensten Lebensbereichen und er\u00f6rterte die Welt nach Covid-19 im \u00a0<a title=\"Link: Link zur ARD-Mediathek.\" href=\"https:\/\/www.ardmediathek.de\/ard\/shows\/Y3JpZDovL25kci5kZS80NTU2\/after-corona-club\" target=\"_blank\" rel=\"noopener noreferrer\">&#8222;After Corona Club&#8220;<\/a>. In ihrem neuen Format tut sie genau das Gegenteil: sie greift Ungl\u00fccke aus der Vergangenheit auf und f\u00fchrt Gespr\u00e4che \u00fcber die Folgen davon mit Menschen, die sie hautnah erlebt haben. Entsprechend hei\u00dft die Sendung, die ab 14.10. im NDR zu sehen ist &#8222;Die Narbe&#8220;. Wie die preisgekr\u00f6nte Journalistin Geschichten aufst\u00f6bert, ihre Haltung dazu entwickelt und wer sie gepr\u00e4gt hat, erz\u00e4hlt Anja Reschke in der NDR Talk Show.<\/p>\n<p>&nbsp;<\/p>\n<p>&nbsp;<\/p>\n<p>&nbsp;<\/p>\n<p>&nbsp;<\/p>\n<h3 style=\"text-align: justify;\">Leticia Koffke, erste gesamtdeutsche Miss Germany<\/h3>\n<div class=\"contentbox halb\" style=\"text-align: justify;\">\n<div class=\"teaser\">\n<div class=\"teaserimage\"><\/div>\n<div class=\"teaserpadding\">\n<h2><\/h2>\n<\/div>\n<\/div>\n<\/div>\n<p style=\"text-align: justify;\">Sch\u00f6nheitswettbewerbe in der DDR? Undenkbar! Doch nach dem Mauerfall, fand am 22. September 1990 die erste und einzige Wahl zur Miss DDR statt. Die Gewinnerin war Leticia Koffke, damals 19 Jahre alt, die eine Ausbildung zur Krankenschwester machte. Nach der offiziellen Wiedervereinigung wurde sie dann auch noch die erste gesamtdeutsche Miss Germany im Dezember 1990. Was die Brandenburgerin mit ihrem Hauptgewinn &#8211; ein Auto, ohne F\u00fchrerschein anstellte, wie sie ihre erste Reise nach Los Angeles erlebte und wie sie heute auf <a title=\"Zum Artikel: 30 Jahre Deutsche Einheit - 30 Jahre Neuland\" href=\"https:\/\/www.ndr.de\/geschichte\/chronologie\/wende\/30-Jahre-Deutsche-Einheit-30-Jahre-Neuland,einheit288.html\">30 Jahre Deutsche Einheit<\/a>\u00a0blickt, erz\u00e4hlt Leticia Koffke in der NDR Talk Show.<\/p>\n","protected":false},"excerpt":{"rendered":"<p>NDR fernsehen + hr fernsehen, 22:00 Uhr &#8211; 00:00 Uhr! Bettina Tietjen und J\u00f6rg Pilawa begr\u00fc\u00dfen in der NDR Talk<\/p>\n","protected":false},"author":2,"featured_media":153744,"comment_status":"open","ping_status":"closed","sticky":false,"template":"","format":"standard","meta":{"_FSMCFIC_featured_image_caption":"","_FSMCFIC_featured_image_nocaption":"","_FSMCFIC_featured_image_hide":""},"categories":[29,128],"tags":[254],"acf":[],"_links":{"self":[{"href":"https:\/\/smago.de\/ws2\/wp-json\/wp\/v2\/posts\/153743"}],"collection":[{"href":"https:\/\/smago.de\/ws2\/wp-json\/wp\/v2\/posts"}],"about":[{"href":"https:\/\/smago.de\/ws2\/wp-json\/wp\/v2\/types\/post"}],"author":[{"embeddable":true,"href":"https:\/\/smago.de\/ws2\/wp-json\/wp\/v2\/users\/2"}],"replies":[{"embeddable":true,"href":"https:\/\/smago.de\/ws2\/wp-json\/wp\/v2\/comments?post=153743"}],"version-history":[{"count":1,"href":"https:\/\/smago.de\/ws2\/wp-json\/wp\/v2\/posts\/153743\/revisions"}],"predecessor-version":[{"id":153745,"href":"https:\/\/smago.de\/ws2\/wp-json\/wp\/v2\/posts\/153743\/revisions\/153745"}],"wp:featuredmedia":[{"embeddable":true,"href":"https:\/\/smago.de\/ws2\/wp-json\/wp\/v2\/media\/153744"}],"wp:attachment":[{"href":"https:\/\/smago.de\/ws2\/wp-json\/wp\/v2\/media?parent=153743"}],"wp:term":[{"taxonomy":"category","embeddable":true,"href":"https:\/\/smago.de\/ws2\/wp-json\/wp\/v2\/categories?post=153743"},{"taxonomy":"post_tag","embeddable":true,"href":"https:\/\/smago.de\/ws2\/wp-json\/wp\/v2\/tags?post=153743"}],"curies":[{"name":"wp","href":"https:\/\/api.w.org\/{rel}","templated":true}]}}