{"id":153472,"date":"2020-09-26T17:13:37","date_gmt":"2020-09-26T15:13:37","guid":{"rendered":"https:\/\/online.smago.de\/ws2\/?p=153472"},"modified":"2020-09-26T17:18:11","modified_gmt":"2020-09-26T15:18:11","slug":"laura-wilde-laura-wilde-an-corona-erkrankt","status":"publish","type":"post","link":"https:\/\/smago.de\/ws2\/pop-schlager\/laura-wilde-laura-wilde-an-corona-erkrankt\/","title":{"rendered":"LAURA WILDE <br>Laura Wilde an Corona erkrankt!"},"content":{"rendered":"<p><em>smago!<\/em> w\u00fcnscht gute und rasche Besserung !!!<br \/>\n<!--more--><\/p>\n<p>&nbsp;<\/p>\n<p>&nbsp;<\/p>\n<p style=\"text-align: justify;\"><em>Es war die letzten Tage so ruhig hier? Richtig &#8211; es ging n\u00e4mlich drunter und dr\u00fcber bei mir. Hab lange \u00fcberlegt, ob ich das hier mit der \u00d6ffentlichkeit teile &#8211; aber heute ist die Entscheidung gefallen.<\/em><\/p>\n<p style=\"text-align: justify;\"><em>Ich will aufmerksam machen und euch sagen &#8211; passt auf euch auf, nehmt euer Bauchgef\u00fchl wahr und achtet auf Ma\u00dfnahmen, die momentan so wichtig sind !!!<br \/>\n<\/em><br \/>\n<em>Feiert und seid gut drauf &#8211; aber mit Ma\u00df, Abstand und Respekt voreinander<span class=\"pq6dq46d tbxw36s4 knj5qynh kvgmc6g5 ditlmg2l oygrvhab nvdbi5me sf5mxxl7 gl3lb2sf hhz5lgdu\"><img decoding=\"async\" loading=\"lazy\" src=\"https:\/\/static.xx.fbcdn.net\/images\/emoji.php\/v9\/t80\/1\/16\/1f64f.png\" alt=\"&#x1f64f;\" width=\"16\" height=\"16\" \/><\/span><\/em><\/p>\n<p style=\"text-align: justify;\"><em>So sehr ich es auch genossen habe, am letzten Wochenende mal wieder auf der B\u00fchne zu stehen und auf Tour gewesen zu sein, hab ich wieder mal festgestellt, dass wir nur miteinander diese Zeit \u00fcberwinden k\u00f6nnen. Hab leider bei meinem Schweiz-Aufenthalt einige Momente erlebt, die so ganz und gar nicht &#8222;Corona&#8220; tauglich waren und das hat mich zutiefst traurig und w\u00fctend gemacht &#8211; zumal ich diese Woche nach meiner R\u00fcckreise leider ein nicht so sch\u00f6nes Schweizer Mitbringsel erhalten habe: Mein positives Testergebnis. Es geht mir soweit gut bislang und ich hatte bzw habe nur leichte Symptome. Das zeigt einem aber, schaut auf euch und h\u00f6rt auf euer Bauchgef\u00fchl<span class=\"pq6dq46d tbxw36s4 knj5qynh kvgmc6g5 ditlmg2l oygrvhab nvdbi5me sf5mxxl7 gl3lb2sf hhz5lgdu\"><img decoding=\"async\" loading=\"lazy\" src=\"https:\/\/static.xx.fbcdn.net\/images\/emoji.php\/v9\/t7f\/1\/16\/1f60a.png\" alt=\"&#x1f60a;\" width=\"16\" height=\"16\" \/><\/span><\/em><\/p>\n<p style=\"text-align: justify;\"><em>Herzliche wilde Gr\u00fc\u00dfe aus der Quarant\u00e4ne<span class=\"pq6dq46d tbxw36s4 knj5qynh kvgmc6g5 ditlmg2l oygrvhab nvdbi5me sf5mxxl7 gl3lb2sf hhz5lgdu\"><img decoding=\"async\" loading=\"lazy\" src=\"https:\/\/static.xx.fbcdn.net\/images\/emoji.php\/v9\/t75\/1\/16\/1f618.png\" alt=\"&#x1f618;\" width=\"16\" height=\"16\" \/><\/span><\/em><\/p>\n","protected":false},"excerpt":{"rendered":"<p>smago! w\u00fcnscht gute und rasche Besserung !!!<\/p>\n","protected":false},"author":2,"featured_media":153473,"comment_status":"open","ping_status":"closed","sticky":false,"template":"","format":"standard","meta":{"_FSMCFIC_featured_image_caption":"","_FSMCFIC_featured_image_nocaption":"","_FSMCFIC_featured_image_hide":""},"categories":[28],"tags":[591],"acf":[],"_links":{"self":[{"href":"https:\/\/smago.de\/ws2\/wp-json\/wp\/v2\/posts\/153472"}],"collection":[{"href":"https:\/\/smago.de\/ws2\/wp-json\/wp\/v2\/posts"}],"about":[{"href":"https:\/\/smago.de\/ws2\/wp-json\/wp\/v2\/types\/post"}],"author":[{"embeddable":true,"href":"https:\/\/smago.de\/ws2\/wp-json\/wp\/v2\/users\/2"}],"replies":[{"embeddable":true,"href":"https:\/\/smago.de\/ws2\/wp-json\/wp\/v2\/comments?post=153472"}],"version-history":[{"count":3,"href":"https:\/\/smago.de\/ws2\/wp-json\/wp\/v2\/posts\/153472\/revisions"}],"predecessor-version":[{"id":153476,"href":"https:\/\/smago.de\/ws2\/wp-json\/wp\/v2\/posts\/153472\/revisions\/153476"}],"wp:featuredmedia":[{"embeddable":true,"href":"https:\/\/smago.de\/ws2\/wp-json\/wp\/v2\/media\/153473"}],"wp:attachment":[{"href":"https:\/\/smago.de\/ws2\/wp-json\/wp\/v2\/media?parent=153472"}],"wp:term":[{"taxonomy":"category","embeddable":true,"href":"https:\/\/smago.de\/ws2\/wp-json\/wp\/v2\/categories?post=153472"},{"taxonomy":"post_tag","embeddable":true,"href":"https:\/\/smago.de\/ws2\/wp-json\/wp\/v2\/tags?post=153472"}],"curies":[{"name":"wp","href":"https:\/\/api.w.org\/{rel}","templated":true}]}}