{"id":153430,"date":"2020-09-26T23:55:07","date_gmt":"2020-09-26T21:55:07","guid":{"rendered":"https:\/\/online.smago.de\/ws2\/?p=153430"},"modified":"2020-09-26T15:39:14","modified_gmt":"2020-09-26T13:39:14","slug":"melanie","status":"publish","type":"post","link":"https:\/\/smago.de\/ws2\/pop-schlager\/melanie\/","title":{"rendered":"MELANIE <br>Ihr Titel &#8222;Heute Nacht&#8220; erscheint am 02.10.2020 in einer neuen, &#8222;gerafften&#8220; &#8218;Radio Edit Version&#8216;!"},"content":{"rendered":"<p>Melanie war bereits in der Sendung &#8222;Schlager-Spa\u00df mit Andy Borg&#8220; sowie bei der SWR &#8222;Landesschau&#8220; zu Gast!<br \/>\n<!--more--><\/p>\n<p style=\"text-align: justify;\">\n<p style=\"text-align: justify;\">Vier Platzierungen in den Top 100 der Radio Charts &#8222;Deutschland Konservativ Pop&#8220;, zahlreiche TV-Auftritte, unter anderem bei der SWR &#8222;Landesschau&#8220; und in der Sendung &#8222;Schlager-Spa\u00df mit Andy Borg&#8220; und durchweg positive Berichte in den wichtigsten Printmedien der Schlagerbranche &#8230;<\/p>\n<p style=\"text-align: justify;\">Zum Abschluss der gro\u00dffl\u00e4chig angelegten Kampagne rund um ihr Deb\u00fctalbum &#8222;Die Zeit ist da&#8220;, liefert Melanie jetzt den Track \u201eHeute Nacht\u201c in einer neuen, gerafften Radio Edit Version &#8211; so schlie\u00dft sich der Kreis.<\/p>\n<p style=\"text-align: justify;\">Ab dem 02.10.2020 ist die neue Version auf allen Download- und Streaming-Plattformen erh\u00e4ltlich.<\/p>\n","protected":false},"excerpt":{"rendered":"<p>Melanie war bereits in der Sendung &#8222;Schlager-Spa\u00df mit Andy Borg&#8220; sowie bei der SWR &#8222;Landesschau&#8220; zu Gast!<\/p>\n","protected":false},"author":2,"featured_media":153431,"comment_status":"open","ping_status":"closed","sticky":false,"template":"","format":"standard","meta":{"_FSMCFIC_featured_image_caption":"","_FSMCFIC_featured_image_nocaption":"","_FSMCFIC_featured_image_hide":""},"categories":[28],"tags":[1753],"acf":[],"_links":{"self":[{"href":"https:\/\/smago.de\/ws2\/wp-json\/wp\/v2\/posts\/153430"}],"collection":[{"href":"https:\/\/smago.de\/ws2\/wp-json\/wp\/v2\/posts"}],"about":[{"href":"https:\/\/smago.de\/ws2\/wp-json\/wp\/v2\/types\/post"}],"author":[{"embeddable":true,"href":"https:\/\/smago.de\/ws2\/wp-json\/wp\/v2\/users\/2"}],"replies":[{"embeddable":true,"href":"https:\/\/smago.de\/ws2\/wp-json\/wp\/v2\/comments?post=153430"}],"version-history":[{"count":3,"href":"https:\/\/smago.de\/ws2\/wp-json\/wp\/v2\/posts\/153430\/revisions"}],"predecessor-version":[{"id":153435,"href":"https:\/\/smago.de\/ws2\/wp-json\/wp\/v2\/posts\/153430\/revisions\/153435"}],"wp:featuredmedia":[{"embeddable":true,"href":"https:\/\/smago.de\/ws2\/wp-json\/wp\/v2\/media\/153431"}],"wp:attachment":[{"href":"https:\/\/smago.de\/ws2\/wp-json\/wp\/v2\/media?parent=153430"}],"wp:term":[{"taxonomy":"category","embeddable":true,"href":"https:\/\/smago.de\/ws2\/wp-json\/wp\/v2\/categories?post=153430"},{"taxonomy":"post_tag","embeddable":true,"href":"https:\/\/smago.de\/ws2\/wp-json\/wp\/v2\/tags?post=153430"}],"curies":[{"name":"wp","href":"https:\/\/api.w.org\/{rel}","templated":true}]}}