{"id":153160,"date":"2020-09-22T15:33:22","date_gmt":"2020-09-22T13:33:22","guid":{"rendered":"https:\/\/online.smago.de\/ws2\/?p=153160"},"modified":"2020-09-22T15:34:13","modified_gmt":"2020-09-22T13:34:13","slug":"smago-informiert-umfrage-zur-deutschen-einheit-ost-und-west-nicht-zusammengewachsen","status":"publish","type":"post","link":"https:\/\/smago.de\/ws2\/smago-informiert\/smago-informiert-umfrage-zur-deutschen-einheit-ost-und-west-nicht-zusammengewachsen\/","title":{"rendered":"smago! INFORMIERT <br>Umfrage zur deutschen Einheit: Ost und West nicht zusammengewachsen!"},"content":{"rendered":"<p style=\"text-align: justify;\">Nur einen einzigen minimalen Fortschritt gibt es zu vermelden &#8230;:<br \/>\n<!--more--><\/p>\n<p>&nbsp;<\/p>\n<p>&nbsp;<\/p>\n<p style=\"text-align: justify;\">30 Jahre nach der deutschen Einheit findet eine \u00fcberraschend gro\u00dfe Mehrheit der Deutschen, dass Ost und West nicht zusammengewachsen sind. Das ist das Ergebnis einer repr\u00e4sentativen Umfrage, die Infratest dimap f\u00fcr die NDR Dokumentation \u201e45Min: Einheitsland \u2013 oder doch nicht?\u201c durchgef\u00fchrt hat. Das NDR Fernsehen zeigt den Film am Montag, 28. September, um 22.00 Uhr.<\/p>\n<p style=\"text-align: justify;\">Im Westen sagen 65 Prozent der Befragten, dass Ost und West weniger stark oder gar nicht zusammengewachsen sind. Diese Meinung vertritt im Osten eine noch gr\u00f6\u00dfere, \u00fcberw\u00e4ltigende Mehrheit: 78 Prozent. Das ist eine deutliche Steigerung gegen\u00fcber der gleichen Umfrage, die der NDR vor einem Jahr in Auftrag gegeben hatte. Damals meinten 57 Prozent im Westen und 75 Prozent im Osten, Deutschland sei noch nicht zusammengewachsen.<\/p>\n<p style=\"text-align: justify;\">Auch in anderen Fragen der inneren Einheit hat die Skepsis gegen\u00fcber dem Vorjahr zugenommen:<\/p>\n<p style=\"text-align: justify;\">Dass die Wiedervereinigung unfair abgelaufen sei, denken jetzt 58 Prozent der Ostdeutschen\u00a0(2019: 52 Prozent) und 39 Prozent der Westdeutschen (2019: 37 Prozent).<\/p>\n<p style=\"text-align: justify;\">Und ebenfalls mehr Befragte als noch vor einem Jahr f\u00fcrchten, dass Fremdenfeindlichkeit und Rassismus die Demokratie bedrohen. 66 Prozent im Westen (2019: 58 Prozent) und 61 Prozent im Osten (2019: 59 Prozent).<\/p>\n<p style=\"text-align: justify;\">Ein gro\u00dfes Gef\u00e4lle zwischen Ost und West belegt auch eine datenjournalistische Recherche des NDR zur Besetzung von Spitzenpositionen in Ostdeutschland: Demnach kamen 2019 von den deutschen Direktorinnen und Direktoren der Max-Planck-Institute 93 Prozent aus Westdeutschland. In den 14 Bundesministerien waren 97 Prozent der Abteilungsleiterinnen und Abteilungsleiter Westdeutsche. Daran hat sich bis heute nichts ge\u00e4ndert.<\/p>\n<p style=\"text-align: justify;\">Nur einen einzigen minimalen Fortschritt gibt es zu vermelden: Die Rektorinnen und Rektoren der 81 staatlichen Universit\u00e4ten kamen bisher alle aus Westdeutschland. Im Juli wurde nun erstmals eine Frau mit ostdeutschen Wurzeln zur Uni-Pr\u00e4sidentin gew\u00e4hlt: Die Leipzigerin Gesine Grande (TU Cottbus).<\/p>\n<p style=\"text-align: justify;\">Die NDR Dokumentation \u201eEinheitsland \u2013 oder doch nicht?\u201c entstand bereits 2019. Zum 30. Jahrestag der deutschen Einheit l\u00e4uft sie in der Reihe \u201e45Min\u201c und wurde um die neuen Umfrage- und Rechercheergebnisse aktualisiert.<\/p>\n<p style=\"text-align: justify;\">In der Doku fragt sich NDR Filmemacherin Birgit W\u00e4rnke, warum es immer noch ein Ost und West gibt, ein Wir und Ihr. Sie stammt aus Brandenburg und geht auf pers\u00f6nliche Spurensuche. Die Dokumentation \u00fcber den Zustand der Bundesrepublik Deutschland arbeitet mit R\u00fcckblicken in die Geschichte. Dabei werden die gro\u00dfen Themen der Zeit mit seltenen, zum Teil auch privaten Archivbildern erz\u00e4hlt.<\/p>\n<p style=\"text-align: justify;\">Weitere Informationen unter <a href=\"http:\/\/ndr.de\/einheit\">NDR.de\/einheit<\/a>!<\/p>\n","protected":false},"excerpt":{"rendered":"<p>Nur einen einzigen minimalen Fortschritt gibt es zu vermelden &#8230;:<\/p>\n","protected":false},"author":2,"featured_media":51685,"comment_status":"open","ping_status":"closed","sticky":false,"template":"","format":"standard","meta":{"_FSMCFIC_featured_image_caption":"","_FSMCFIC_featured_image_nocaption":"","_FSMCFIC_featured_image_hide":""},"categories":[33],"tags":[60],"acf":[],"_links":{"self":[{"href":"https:\/\/smago.de\/ws2\/wp-json\/wp\/v2\/posts\/153160"}],"collection":[{"href":"https:\/\/smago.de\/ws2\/wp-json\/wp\/v2\/posts"}],"about":[{"href":"https:\/\/smago.de\/ws2\/wp-json\/wp\/v2\/types\/post"}],"author":[{"embeddable":true,"href":"https:\/\/smago.de\/ws2\/wp-json\/wp\/v2\/users\/2"}],"replies":[{"embeddable":true,"href":"https:\/\/smago.de\/ws2\/wp-json\/wp\/v2\/comments?post=153160"}],"version-history":[{"count":2,"href":"https:\/\/smago.de\/ws2\/wp-json\/wp\/v2\/posts\/153160\/revisions"}],"predecessor-version":[{"id":153162,"href":"https:\/\/smago.de\/ws2\/wp-json\/wp\/v2\/posts\/153160\/revisions\/153162"}],"wp:featuredmedia":[{"embeddable":true,"href":"https:\/\/smago.de\/ws2\/wp-json\/wp\/v2\/media\/51685"}],"wp:attachment":[{"href":"https:\/\/smago.de\/ws2\/wp-json\/wp\/v2\/media?parent=153160"}],"wp:term":[{"taxonomy":"category","embeddable":true,"href":"https:\/\/smago.de\/ws2\/wp-json\/wp\/v2\/categories?post=153160"},{"taxonomy":"post_tag","embeddable":true,"href":"https:\/\/smago.de\/ws2\/wp-json\/wp\/v2\/tags?post=153160"}],"curies":[{"name":"wp","href":"https:\/\/api.w.org\/{rel}","templated":true}]}}