{"id":152799,"date":"2020-09-17T14:47:03","date_gmt":"2020-09-17T12:47:03","guid":{"rendered":"https:\/\/online.smago.de\/ws2\/?p=152799"},"modified":"2020-09-17T14:47:17","modified_gmt":"2020-09-17T12:47:17","slug":"matthias-reim-aus-matthias-reim-die-tour-2020-wird-matthias-reim-die-tour-2021","status":"publish","type":"post","link":"https:\/\/smago.de\/ws2\/pop-schlager\/matthias-reim-aus-matthias-reim-die-tour-2020-wird-matthias-reim-die-tour-2021\/","title":{"rendered":"MATTHIAS REIM <br>Aus \u201eMatthias Reim \u2013 Die Tour 2020\u201c wird \u201eMatthias Reim \u2013 Die Tour 2021\u201c!"},"content":{"rendered":"<p>Matthias Reim selbst schreibt hierzu auf seiner Facebook-Seite &#8230;:<br \/>\n<!--more--><\/p>\n<p>&nbsp;<\/p>\n<p>&nbsp;<\/p>\n<p style=\"text-align: justify;\"><em>Hallo Freunde,<\/em><\/p>\n<p>&nbsp;<\/p>\n<p style=\"text-align: justify;\"><em>aufgrund der Verl\u00e4ngerung des Veranstaltungsverbots bis zum 31.12.2020, muss ich euch schweren Herzens mitteilen, dass meine f\u00fcr November und Dezember geplanten Termine der \u201eMatthias Reim \u2013 Die Tour 2020\u201c in den Herbst und Winter 2021 verlegt werden m\u00fcssen.<\/em><\/p>\n<p>&nbsp;<\/p>\n<p>&nbsp;<\/p>\n<p>&nbsp;<\/p>\n<p style=\"text-align: justify;\"><em><strong>Alle Ersatztermine im \u00dcberblick:<\/strong><\/em><\/p>\n<p>&nbsp;<\/p>\n<p>&nbsp;<\/p>\n<p style=\"text-align: justify;\"><em>16.12.2021 Zwickau, Stadthalle (verschoben vom 19.12.2020)<\/em><br \/>\n<em>18.12.2021 Cottbus, Stadthalle (verschoben vom 18.12.2020) <\/em><br \/>\n<em>27.12.2021 Berlin, Mercedes Benz Arena (verschoben vom 27.12.2020)<\/em><br \/>\n<em>28.12.2021 Neubrandenburg, Jahnsportforum (verschoben vom 28.12.2020)<\/em><br \/>\n<em>29.12.2021 Hamburg, Barclaycard Arena (verschoben vom 29.12.2020)<\/em><br \/>\n<em>30.12.2021 Rostock, Stadthalle (verschoben vom 30.12.2020)<\/em><br \/>\n<em>12.01.2022 Freiberg, Tivoli (verschoben vom 17.12.2020)<\/em><\/p>\n<p>&nbsp;<\/p>\n<p>&nbsp;<\/p>\n<p>&nbsp;<\/p>\n<p style=\"text-align: justify;\"><em>Selbstverst\u00e4ndlich behalten die Tickets f\u00fcr alle Ersatztermine ihre G\u00fcltigkeit!<\/em><\/p>\n<p>&nbsp;<\/p>\n<p style=\"text-align: justify;\"><em>Ich freue mich auf euch <\/em><\/p>\n","protected":false},"excerpt":{"rendered":"<p>Matthias Reim selbst schreibt hierzu auf seiner Facebook-Seite &#8230;:<\/p>\n","protected":false},"author":2,"featured_media":152800,"comment_status":"open","ping_status":"closed","sticky":false,"template":"","format":"standard","meta":{"_FSMCFIC_featured_image_caption":"","_FSMCFIC_featured_image_nocaption":"","_FSMCFIC_featured_image_hide":""},"categories":[28],"tags":[50],"acf":[],"_links":{"self":[{"href":"https:\/\/smago.de\/ws2\/wp-json\/wp\/v2\/posts\/152799"}],"collection":[{"href":"https:\/\/smago.de\/ws2\/wp-json\/wp\/v2\/posts"}],"about":[{"href":"https:\/\/smago.de\/ws2\/wp-json\/wp\/v2\/types\/post"}],"author":[{"embeddable":true,"href":"https:\/\/smago.de\/ws2\/wp-json\/wp\/v2\/users\/2"}],"replies":[{"embeddable":true,"href":"https:\/\/smago.de\/ws2\/wp-json\/wp\/v2\/comments?post=152799"}],"version-history":[{"count":2,"href":"https:\/\/smago.de\/ws2\/wp-json\/wp\/v2\/posts\/152799\/revisions"}],"predecessor-version":[{"id":152802,"href":"https:\/\/smago.de\/ws2\/wp-json\/wp\/v2\/posts\/152799\/revisions\/152802"}],"wp:featuredmedia":[{"embeddable":true,"href":"https:\/\/smago.de\/ws2\/wp-json\/wp\/v2\/media\/152800"}],"wp:attachment":[{"href":"https:\/\/smago.de\/ws2\/wp-json\/wp\/v2\/media?parent=152799"}],"wp:term":[{"taxonomy":"category","embeddable":true,"href":"https:\/\/smago.de\/ws2\/wp-json\/wp\/v2\/categories?post=152799"},{"taxonomy":"post_tag","embeddable":true,"href":"https:\/\/smago.de\/ws2\/wp-json\/wp\/v2\/tags?post=152799"}],"curies":[{"name":"wp","href":"https:\/\/api.w.org\/{rel}","templated":true}]}}