{"id":152594,"date":"2020-09-14T10:18:15","date_gmt":"2020-09-14T08:18:15","guid":{"rendered":"https:\/\/online.smago.de\/ws2\/?p=152594"},"modified":"2020-09-14T10:18:15","modified_gmt":"2020-09-14T08:18:15","slug":"robin-leon-robin-leon-laessts-krachen","status":"publish","type":"post","link":"https:\/\/smago.de\/ws2\/schlager\/robin-leon-robin-leon-laessts-krachen\/","title":{"rendered":"ROBIN LEON <br>Robin Leon l\u00e4sst&#8217;s krachen!"},"content":{"rendered":"<p>Das &#8211; u. a. auch von <em>smago!<\/em> pr\u00e4sentierte &#8211; 5. &#8222;Robin Leon Fest&#8220; am 18.06.2021 wird f\u00fcrwahr ein Fest &#8211; mit Top-Starg\u00e4sten !!!<br \/>\n<!--more--><\/p>\n<p>&nbsp;<\/p>\n<p>&nbsp;<\/p>\n<p>&nbsp;<\/p>\n<div class=\"kvgmc6g5 cxmmr5t8 oygrvhab hcukyx3x c1et5uql ii04i59q\">\n<div dir=\"auto\"><span class=\"pq6dq46d tbxw36s4 knj5qynh kvgmc6g5 ditlmg2l oygrvhab nvdbi5me sf5mxxl7 gl3lb2sf hhz5lgdu\"><img decoding=\"async\" loading=\"lazy\" src=\"https:\/\/static.xx.fbcdn.net\/images\/emoji.php\/v9\/t50\/1\/16\/1f525.png\" alt=\"&#x1f525;\" width=\"16\" height=\"16\" \/><\/span> Das wird ein Fest <span class=\"pq6dq46d tbxw36s4 knj5qynh kvgmc6g5 ditlmg2l oygrvhab nvdbi5me sf5mxxl7 gl3lb2sf hhz5lgdu\"><img decoding=\"async\" loading=\"lazy\" src=\"https:\/\/static.xx.fbcdn.net\/images\/emoji.php\/v9\/t50\/1\/16\/1f525.png\" alt=\"&#x1f525;\" width=\"16\" height=\"16\" \/><\/span><\/div>\n<div dir=\"auto\"><span class=\"pq6dq46d tbxw36s4 knj5qynh kvgmc6g5 ditlmg2l oygrvhab nvdbi5me sf5mxxl7 gl3lb2sf hhz5lgdu\"><img decoding=\"async\" loading=\"lazy\" src=\"https:\/\/static.xx.fbcdn.net\/images\/emoji.php\/v9\/t2d\/1\/16\/1f4cd.png\" alt=\"&#x1f4cd;\" width=\"16\" height=\"16\" \/><\/span><\/p>\n<div class=\"nc684nl6\">ROBIN LEON hat gleich ZWEI Gr\u00fcnde zu feiern:<\/p>\n<\/div>\n<\/div>\n<div dir=\"auto\"><span class=\"pq6dq46d tbxw36s4 knj5qynh kvgmc6g5 ditlmg2l oygrvhab nvdbi5me sf5mxxl7 gl3lb2sf hhz5lgdu\"><img decoding=\"async\" loading=\"lazy\" src=\"https:\/\/static.xx.fbcdn.net\/images\/emoji.php\/v9\/tdd\/1\/16\/274c.png\" alt=\"&#x274c;\" width=\"16\" height=\"16\" \/>\u00a0S<\/span>eit 10 Jahre steht er auf der B\u00fchne und bereits<\/div>\n<div dir=\"auto\"><span class=\"pq6dq46d tbxw36s4 knj5qynh kvgmc6g5 ditlmg2l oygrvhab nvdbi5me sf5mxxl7 gl3lb2sf hhz5lgdu\"><img decoding=\"async\" loading=\"lazy\" src=\"https:\/\/static.xx.fbcdn.net\/images\/emoji.php\/v9\/tdd\/1\/16\/274c.png\" alt=\"&#x274c;\" width=\"16\" height=\"16\" \/><\/span>\u00a0 Vor 5 Jahren wurde er zum Sieger von ARD-Immer wieder sonntags gek\u00fcrt.<\/div>\n<div dir=\"auto\"><\/div>\n<div dir=\"auto\">Dazu l\u00e4dt er ein &#8211; gemeinsam mit<\/p>\n<\/div>\n<div dir=\"auto\"><span class=\"pq6dq46d tbxw36s4 knj5qynh kvgmc6g5 ditlmg2l oygrvhab nvdbi5me sf5mxxl7 gl3lb2sf hhz5lgdu\"><img decoding=\"async\" loading=\"lazy\" src=\"https:\/\/static.xx.fbcdn.net\/images\/emoji.php\/v9\/t2d\/1\/16\/1f4cd.png\" alt=\"&#x1f4cd;\" width=\"16\" height=\"16\" \/>\u00a0Andy Borg<\/p>\n<p><\/span>und<\/div>\n<div dir=\"auto\"><span class=\"pq6dq46d tbxw36s4 knj5qynh kvgmc6g5 ditlmg2l oygrvhab nvdbi5me sf5mxxl7 gl3lb2sf hhz5lgdu\"><br \/>\n<img decoding=\"async\" loading=\"lazy\" src=\"https:\/\/static.xx.fbcdn.net\/images\/emoji.php\/v9\/t2d\/1\/16\/1f4cd.png\" alt=\"&#x1f4cd;\" width=\"16\" height=\"16\" \/>\u00a0Anna-Carina Woitschack &amp; Stefan Mross<\/span><\/div>\n<div dir=\"auto\"><\/div>\n<div dir=\"auto\">beim gro\u00dfen Mega-Open-Air im Elsass zu feiern.<\/p>\n<\/div>\n<div dir=\"auto\">Das Team der <strong><a href=\"https:\/\/www.facebook.com\/artmedia.management.more\">artmedia &#8211; management &amp; more<\/a><\/strong> freut sich, gemeinsam mit Robin Leon diese Veranstaltung durchzuf\u00fchren.<\/p>\n<p>Eintrittskarten gibt es in K\u00fcrze unter <a class=\"oajrlxb2 g5ia77u1 qu0x051f esr5mh6w e9989ue4 r7d6kgcz rq0escxv nhd2j8a9 nc684nl6 p7hjln8o kvgmc6g5 cxmmr5t8 oygrvhab hcukyx3x jb3vyjys rz4wbd8a qt6c0cv9 a8nywdso i1ao9s8h esuyzwwr f1sip0of lzcic4wl py34i1dx gpro0wi8\" tabindex=\"0\" role=\"link\" href=\"https:\/\/l.facebook.com\/l.php?u=http%3A%2F%2Fwww.amtix.de%2F%3Ffbclid%3DIwAR0kqzbRUeHUJAOa7W2q1OUwTvkeBS4zNd5of73cHCx8ccwLL5IxSWKZlx8&amp;h=AT2Y-HbcMGROcja4_SNQXlSsuO2plB33DUra7VOpZEzANulKqDe8BJQ6bDZfMyjfxtelfklqSFnn6jC5PeqjPpfQaTx0jLs7eUdqeo9AgHqZdulBkbGWD78NNf5Q_wKc3RJ3zktZrhrLnYOt6ocMe-oyEA&amp;__tn__=-UK-R&amp;c[0]=AT34dG3-bTpjWIp5B56XU0F61QxIX2LdAWKRofQfF7enlV46s0X7wYTiajRihr1T7Pguay8QLOXp32muBVeHYzqjzk06RlYsJoc_Vy9u6Z1uN_TUKs2GyP_4V0k_Gabe5Jt-sedFcX2A-sOAI_vi\" target=\"_blank\" rel=\"nofollow noopener noreferrer\"><strong>www.amtix.de<\/strong><\/a> und vielen Vorverkaufsstellen.<\/div>\n<\/div>\n","protected":false},"excerpt":{"rendered":"<p>Das &#8211; u. a. auch von smago! pr\u00e4sentierte &#8211; 5. &#8222;Robin Leon Fest&#8220; am 18.06.2021 wird f\u00fcrwahr ein Fest &#8211;<\/p>\n","protected":false},"author":2,"featured_media":152595,"comment_status":"open","ping_status":"closed","sticky":false,"template":"","format":"standard","meta":{"_FSMCFIC_featured_image_caption":"","_FSMCFIC_featured_image_nocaption":"","_FSMCFIC_featured_image_hide":""},"categories":[29,39],"tags":[199],"acf":[],"_links":{"self":[{"href":"https:\/\/smago.de\/ws2\/wp-json\/wp\/v2\/posts\/152594"}],"collection":[{"href":"https:\/\/smago.de\/ws2\/wp-json\/wp\/v2\/posts"}],"about":[{"href":"https:\/\/smago.de\/ws2\/wp-json\/wp\/v2\/types\/post"}],"author":[{"embeddable":true,"href":"https:\/\/smago.de\/ws2\/wp-json\/wp\/v2\/users\/2"}],"replies":[{"embeddable":true,"href":"https:\/\/smago.de\/ws2\/wp-json\/wp\/v2\/comments?post=152594"}],"version-history":[{"count":1,"href":"https:\/\/smago.de\/ws2\/wp-json\/wp\/v2\/posts\/152594\/revisions"}],"predecessor-version":[{"id":152596,"href":"https:\/\/smago.de\/ws2\/wp-json\/wp\/v2\/posts\/152594\/revisions\/152596"}],"wp:featuredmedia":[{"embeddable":true,"href":"https:\/\/smago.de\/ws2\/wp-json\/wp\/v2\/media\/152595"}],"wp:attachment":[{"href":"https:\/\/smago.de\/ws2\/wp-json\/wp\/v2\/media?parent=152594"}],"wp:term":[{"taxonomy":"category","embeddable":true,"href":"https:\/\/smago.de\/ws2\/wp-json\/wp\/v2\/categories?post=152594"},{"taxonomy":"post_tag","embeddable":true,"href":"https:\/\/smago.de\/ws2\/wp-json\/wp\/v2\/tags?post=152594"}],"curies":[{"name":"wp","href":"https:\/\/api.w.org\/{rel}","templated":true}]}}