{"id":152356,"date":"2020-09-08T21:06:06","date_gmt":"2020-09-08T19:06:06","guid":{"rendered":"https:\/\/online.smago.de\/ws2\/?p=152356"},"modified":"2020-09-09T23:06:47","modified_gmt":"2020-09-09T21:06:47","slug":"stefan-mross-schock-fuer-stefan-mross","status":"publish","type":"post","link":"https:\/\/smago.de\/ws2\/schlager\/stefan-mross-schock-fuer-stefan-mross\/","title":{"rendered":"STEFAN MROSS <br>Schock f\u00fcr Stefan Mross:"},"content":{"rendered":"<p>&#8222;Immer wieder sonntags&#8220; Tour-Termine zum gr\u00f6\u00dften Teil ins Jahr 2022 verschoben! Was Stefan selbst dazu sagt &#8230;:<br \/>\n<!--more--><\/p>\n<p>&nbsp;<\/p>\n<p>&nbsp;<\/p>\n<div class=\"kvgmc6g5 cxmmr5t8 oygrvhab hcukyx3x c1et5uql ii04i59q\" style=\"text-align: justify;\">\n<div dir=\"auto\"><em>Liebe Freunde &amp; Fans,<\/em><\/div>\n<div dir=\"auto\"><\/div>\n<\/div>\n<div class=\"o9v6fnle cxmmr5t8 oygrvhab hcukyx3x c1et5uql ii04i59q\" style=\"text-align: justify;\">\n<div dir=\"auto\">\n<p><em>es ist leider das eingetroffen, was keiner gehofft hat, und wir sind sehr, sehr traurig.<\/em><\/p>\n<\/div>\n<div dir=\"auto\">\n<p><em>Die komplette Tournee \u201eImmer wieder sonntags&#8230;\u201c ist Aufgrund der aktuellen Situation 2021, (Januar bis Mai) laut unseres Veranstalters Thomann Management, abgesagt bzw. auf 2022 verschoben.<\/em><\/p>\n<\/div>\n<\/div>\n<div class=\"o9v6fnle cxmmr5t8 oygrvhab hcukyx3x c1et5uql ii04i59q\" style=\"text-align: justify;\">\n<div dir=\"auto\"><em>Zudem sind fast alle Termine f\u00fcr den Herbst 2020, abgesagt.<\/em><\/div>\n<\/div>\n<div class=\"o9v6fnle cxmmr5t8 oygrvhab hcukyx3x c1et5uql ii04i59q\" style=\"text-align: justify;\">\n<div dir=\"auto\"><em>Wir werden an neuen Konzepten arbeiten und weiterhin f\u00fcr Euch da sein, dass verspreche ich Euch!!!!! <span class=\"q9uorilb tbxw36s4 knj5qynh kvgmc6g5 ditlmg2l oygrvhab nvdbi5me fgm26odu gl3lb2sf hhz5lgdu\"><img decoding=\"async\" loading=\"lazy\" src=\"https:\/\/static.xx.fbcdn.net\/images\/emoji.php\/v9\/tab\/1\/16\/1f630.png\" alt=\"&#x1f630;\" width=\"16\" height=\"16\" \/><\/span><\/em><\/div>\n<\/div>\n<div class=\"o9v6fnle cxmmr5t8 oygrvhab hcukyx3x c1et5uql ii04i59q\" style=\"text-align: justify;\">\n<div dir=\"auto\">\n<p><em>3 Termine finden im Herbst noch statt:<\/em><\/p>\n<\/div>\n<div dir=\"auto\">\n<p><em>23.09.2020 &#8211; Freiberg<\/em><\/p>\n<\/div>\n<div dir=\"auto\"><em>05.11.2020 &#8211; Neuruppin<\/em><\/div>\n<div dir=\"auto\"><em>11.11.2020 &#8211; Bad Elster<\/em><\/div>\n<\/div>\n<div dir=\"auto\" style=\"text-align: justify;\"><\/div>\n<div dir=\"auto\" style=\"text-align: justify;\"><\/div>\n<div class=\"o9v6fnle cxmmr5t8 oygrvhab hcukyx3x c1et5uql ii04i59q\" style=\"text-align: justify;\">\n<div dir=\"auto\"><em>Ich halte Euch alle weiterhin auf dem laufenden&#8230;<\/em><\/div>\n<\/div>\n<div dir=\"auto\" style=\"text-align: justify;\"><\/div>\n<div dir=\"auto\" style=\"text-align: justify;\"><\/div>\n<div class=\"o9v6fnle cxmmr5t8 oygrvhab hcukyx3x c1et5uql ii04i59q\" style=\"text-align: justify;\">\n<div dir=\"auto\"><em>Alles Gute Euch allen da drau\u00dfen.<\/em><\/div>\n<\/div>\n<div class=\"o9v6fnle cxmmr5t8 oygrvhab hcukyx3x c1et5uql ii04i59q\">\n<div dir=\"auto\" style=\"text-align: justify;\"><\/div>\n<div dir=\"auto\" style=\"text-align: justify;\"><\/div>\n<div dir=\"auto\" style=\"text-align: justify;\"><em>Euer<\/em><\/div>\n<div dir=\"auto\" style=\"text-align: justify;\"><\/div>\n<div dir=\"auto\" style=\"text-align: justify;\"><em>Stefan<\/em><\/div>\n<\/div>\n","protected":false},"excerpt":{"rendered":"<p>&#8222;Immer wieder sonntags&#8220; Tour-Termine zum gr\u00f6\u00dften Teil ins Jahr 2022 verschoben! Was Stefan selbst dazu sagt &#8230;:<\/p>\n","protected":false},"author":2,"featured_media":152377,"comment_status":"open","ping_status":"closed","sticky":false,"template":"","format":"standard","meta":{"_FSMCFIC_featured_image_caption":"","_FSMCFIC_featured_image_nocaption":"","_FSMCFIC_featured_image_hide":""},"categories":[29,39],"tags":[137],"acf":[],"_links":{"self":[{"href":"https:\/\/smago.de\/ws2\/wp-json\/wp\/v2\/posts\/152356"}],"collection":[{"href":"https:\/\/smago.de\/ws2\/wp-json\/wp\/v2\/posts"}],"about":[{"href":"https:\/\/smago.de\/ws2\/wp-json\/wp\/v2\/types\/post"}],"author":[{"embeddable":true,"href":"https:\/\/smago.de\/ws2\/wp-json\/wp\/v2\/users\/2"}],"replies":[{"embeddable":true,"href":"https:\/\/smago.de\/ws2\/wp-json\/wp\/v2\/comments?post=152356"}],"version-history":[{"count":3,"href":"https:\/\/smago.de\/ws2\/wp-json\/wp\/v2\/posts\/152356\/revisions"}],"predecessor-version":[{"id":152379,"href":"https:\/\/smago.de\/ws2\/wp-json\/wp\/v2\/posts\/152356\/revisions\/152379"}],"wp:featuredmedia":[{"embeddable":true,"href":"https:\/\/smago.de\/ws2\/wp-json\/wp\/v2\/media\/152377"}],"wp:attachment":[{"href":"https:\/\/smago.de\/ws2\/wp-json\/wp\/v2\/media?parent=152356"}],"wp:term":[{"taxonomy":"category","embeddable":true,"href":"https:\/\/smago.de\/ws2\/wp-json\/wp\/v2\/categories?post=152356"},{"taxonomy":"post_tag","embeddable":true,"href":"https:\/\/smago.de\/ws2\/wp-json\/wp\/v2\/tags?post=152356"}],"curies":[{"name":"wp","href":"https:\/\/api.w.org\/{rel}","templated":true}]}}