{"id":152279,"date":"2020-09-08T00:02:34","date_gmt":"2020-09-07T22:02:34","guid":{"rendered":"https:\/\/online.smago.de\/ws2\/?p=152279"},"modified":"2020-09-08T00:11:26","modified_gmt":"2020-09-07T22:11:26","slug":"alarmstufe-rot-smago-sagt-danke-dirk-woehler-fuer-die-initiative-alarmstufe-rot","status":"publish","type":"post","link":"https:\/\/smago.de\/ws2\/smago-informiert\/alarmstufe-rot-smago-sagt-danke-dirk-woehler-fuer-die-initiative-alarmstufe-rot\/","title":{"rendered":"&#8222;ALARMSTUFE ROT&#8220; <br>smago! sagt: Danke, Dirk W\u00f6hler, f\u00fcr die Initiative &#8222;Alarmstufe Rot&#8220;!"},"content":{"rendered":"<p>Alle Information zur Gro\u00df-Demo am Mittwoch (09.09.2020) um 12:05 Uhr in Berlin, die sogar von &#8222;(Corona-)Wutb\u00fcrger&#8220; Achim Petry f\u00fcr gut gehei\u00dfen wird &#8230;:<br \/>\n<!--more--><\/p>\n<p>&nbsp;<\/p>\n<p>&nbsp;<\/p>\n<p style=\"text-align: justify;\">Die von Dirk W\u00f6hler ins Leben gerufene Gruppe &#8222;Alarmstufe Rot&#8220; ist\u00a0ein B\u00fcndnis von Initiativen und Verb\u00e4nden der Veranstaltungswirtschaft. <em>&#8222;In dieser Eigenschaft richten wir uns mit der Aufforderung zur Rettung unserer Branche an die Politik&#8220;<\/em>, hei\u00dft es hierzu aus der Schaltzentrale.<\/p>\n<p style=\"text-align: justify;\"><em>smago!<\/em> unterst\u00fctzt die Statuten der Initiative &#8222;Alarmstufe Rot&#8220; aus vollstem Herzen &#8230;:<\/p>\n<p style=\"text-align: justify;\"><em>&#8222;Wir rufen Euch dazu auf, am 09.09.2020 um 12.05 Uhr an unserer Gro\u00dfdemonstration in Berlin zur Rettung der Veranstaltungswirtschaft teilzunehmen.<\/em><\/p>\n<p>&nbsp;<\/p>\n<p>&nbsp;<\/p>\n<p>&nbsp;<\/p>\n<p>&nbsp;<\/p>\n<p><em><strong>ANLASS UND ZIELSETZUNG UNSERER DEMONSTRATION:<\/strong> <\/em><\/p>\n<p>&nbsp;<\/p>\n<p>&nbsp;<\/p>\n<p style=\"text-align: justify;\"><em>Wir demonstrieren F\u00dcR echte Hilfen f\u00fcr die Veranstaltungswirtschaft. Wir demonstrieren gegen die Art und Weise, wie die Regierung den sechstgr\u00f6\u00dften Wirtschaftszweig Deutschlands wissentlich kollabieren l\u00e4sst und hinnimmt, dass hunderttausende Unternehmen und Millionen von Existenzen vernichtet werden. Wir fordern einen Rettungs-Dialog mit der Regierung, um Wege und L\u00f6sungen zu diskutieren, wie die Veranstaltungswirtschaft die Phase der zurzeit notwendigen Ma\u00dfnahmen wirtschaftlich \u00fcbersteht. Unsere Branche ben\u00f6tigt dringend eine \u00dcberlebensperspektive! Am Brandenburger Tor erfolgt dann eine zentrale Kundgebung, auf der die Veranstaltungswirtschaft die Regierung einl\u00e4dt, f\u00fcr den dringend ben\u00f6tigten Rettungs-Dialog gemeinsam an einen Tisch zu kommen.<br \/>\n<\/em><br \/>\n<em>Wir stehen vor den Tr\u00fcmmern unserer Existenzen!<\/em><\/p>\n<p><em>Die Maskenpflicht bei der Demonstration von AlarmstufeRot am 09.09.2020 ist Bestandteil des Hygienekonzepts und dar\u00fcber hinaus durch eine Verordnung des Berliner Senats vorgeschrieben. <\/em><\/p>\n<p><em>Unsere Demo richtet sich nicht gegen die Ma\u00dfnahmen der Regierung zur Eind\u00e4mmung des Infektionsgeschehens, sondern gegen die Art und Weise, wie die Regierung den sechstgr\u00f6\u00dften Wirtschaftszweig Deutschlands wissentlich kollabieren l\u00e4sst. Wer zur Demo erscheint und die Mindestabst\u00e4nde und daraus folgend die Maskenpflicht verletzt, wird von der Versammlung ausgeschlossen. Wer rechte oder verfassungsfeindliche Gesinnung zeigt und\/oder offen zur Schau stellt, wer die freiheitlich demokratische Grundordnung angreift oder aktiv zu illegalen Aktionen aufruft oder diese selbst begeht, wird von der Versammlung ausgeschlossen. <\/em><\/p>\n<p style=\"text-align: justify;\"><em>Wir distanzieren uns hiermit klar und deutlich gegen Nazis, Aluh\u00fcte und Coronaleugner*innen. Wer unsere Regeln und das Hygienekonzept nicht einhalten will, ist auf unserer Versammlung unerw\u00fcnscht!&#8220;<\/em><\/p>\n<p>&nbsp;<\/p>\n<p style=\"text-align: justify;\"><span style=\"color: #ff0000;\"><strong>BEMERKENSWERT:<\/strong> <\/span>Die Initiative &#8222;AlarmstufeRot&#8220; wird sogar von Achim Petry f\u00fcr gut gehei\u00dfen.<\/p>\n<p>Auf seiner Facebook-Seite schreibt Achim Petry:<\/p>\n<div class=\"kvgmc6g5 cxmmr5t8 oygrvhab hcukyx3x c1et5uql ii04i59q\" style=\"text-align: justify;\">\n<div dir=\"auto\">\n<p><em>&#8222;Eine Erkl\u00e4rung ist wohl nicht mehr notwendig, da wohl jeder gemerkt hat, dass Kultur und Unterhaltung den &#8218;Bach runtergeht&#8216;. Auch der &#8218;Konsument&#8216; kann unterst\u00fctzen! Ich weise darauf hin, dass es darum geht, Finanzhilfen f\u00fcr die Kultur und alle angeschlossenen Gewerke aufrecht zu erhalten, oder zu erweitern!<\/em><\/p>\n<\/div>\n<div dir=\"auto\">\n<p><em>Es geht nicht darum, Covid-19 zu verharmlosen oder die aktuell geltenden Bedingungen zur gesundheitlichen Sicherheit zu &#8218;bek\u00e4mpfen&#8216;!<\/em><\/p>\n<\/div>\n<div dir=\"auto\">\n<p><em>Wenn wir nicht zusammen stehen und demonstrieren, wird es in den n\u00e4chsten Jahren sehr still und dann sollte niemand kommen und sich beschweren!<\/em><\/p>\n<\/div>\n<\/div>\n<div class=\"o9v6fnle cxmmr5t8 oygrvhab hcukyx3x c1et5uql ii04i59q\">\n<div dir=\"auto\" style=\"text-align: justify;\"><em>Eine komplette Branche steht nur noch einen Schritt vor dem Abgrund!!!<\/em><\/div>\n<div dir=\"auto\" style=\"text-align: justify;\"><em>Lasst uns eine Stimme sein!<\/em><\/div>\n<div dir=\"auto\" style=\"text-align: justify;\"><em>Und wer sich entschlie\u00dft, zu kommen, sollte Maske mitbringen und an die Auflagen halten, denn Covid-19 ist real und gef\u00e4hrlich!&#8220;<\/em><\/div>\n<\/div>\n<div dir=\"auto\"><\/div>\n<div dir=\"auto\"><\/div>\n<div dir=\"auto\"><\/div>\n<div dir=\"auto\"><\/div>\n<div dir=\"auto\"><img decoding=\"async\" loading=\"lazy\" class=\"alignnone size-full wp-image-152283\" src=\"https:\/\/online.smago.de\/ws2\/wp-content\/uploads\/2020\/09\/alarmstuferot_2_laufweg.jpg\" alt=\"\" width=\"801\" height=\"419\" srcset=\"https:\/\/smago.de\/ws2\/wp-content\/uploads\/2020\/09\/alarmstuferot_2_laufweg.jpg 801w, https:\/\/smago.de\/ws2\/wp-content\/uploads\/2020\/09\/alarmstuferot_2_laufweg-522x273.jpg 522w, https:\/\/smago.de\/ws2\/wp-content\/uploads\/2020\/09\/alarmstuferot_2_laufweg-287x150.jpg 287w, https:\/\/smago.de\/ws2\/wp-content\/uploads\/2020\/09\/alarmstuferot_2_laufweg-768x402.jpg 768w, https:\/\/smago.de\/ws2\/wp-content\/uploads\/2020\/09\/alarmstuferot_2_laufweg-392x205.jpg 392w, https:\/\/smago.de\/ws2\/wp-content\/uploads\/2020\/09\/alarmstuferot_2_laufweg-130x68.jpg 130w, https:\/\/smago.de\/ws2\/wp-content\/uploads\/2020\/09\/alarmstuferot_2_laufweg-292x153.jpg 292w, https:\/\/smago.de\/ws2\/wp-content\/uploads\/2020\/09\/alarmstuferot_2_laufweg-435x228.jpg 435w\" sizes=\"(max-width: 801px) 100vw, 801px\" \/><\/div>\n<div dir=\"auto\"><\/div>\n<div dir=\"auto\"><\/div>\n<div dir=\"auto\"><\/div>\n<div dir=\"auto\"><\/div>\n<div dir=\"auto\"><\/div>\n<div dir=\"auto\"><img decoding=\"async\" loading=\"lazy\" class=\"alignnone size-full wp-image-152284\" src=\"https:\/\/online.smago.de\/ws2\/wp-content\/uploads\/2020\/09\/alarmstuferot_3.jpg\" alt=\"\" width=\"727\" height=\"380\" srcset=\"https:\/\/smago.de\/ws2\/wp-content\/uploads\/2020\/09\/alarmstuferot_3.jpg 727w, https:\/\/smago.de\/ws2\/wp-content\/uploads\/2020\/09\/alarmstuferot_3-522x273.jpg 522w, https:\/\/smago.de\/ws2\/wp-content\/uploads\/2020\/09\/alarmstuferot_3-287x150.jpg 287w, https:\/\/smago.de\/ws2\/wp-content\/uploads\/2020\/09\/alarmstuferot_3-392x205.jpg 392w, https:\/\/smago.de\/ws2\/wp-content\/uploads\/2020\/09\/alarmstuferot_3-130x68.jpg 130w, https:\/\/smago.de\/ws2\/wp-content\/uploads\/2020\/09\/alarmstuferot_3-292x153.jpg 292w, https:\/\/smago.de\/ws2\/wp-content\/uploads\/2020\/09\/alarmstuferot_3-435x227.jpg 435w\" sizes=\"(max-width: 727px) 100vw, 727px\" \/><\/div>\n<div dir=\"auto\"><\/div>\n<div dir=\"auto\"><\/div>\n<div dir=\"auto\"><\/div>\n<div dir=\"auto\"><\/div>\n<div dir=\"auto\"><\/div>\n<div dir=\"auto\"><img decoding=\"async\" loading=\"lazy\" class=\"alignnone size-colormag-featured-post-medium wp-image-152285\" src=\"https:\/\/online.smago.de\/ws2\/wp-content\/uploads\/2020\/09\/alarmstuferot_4-600x600.png\" alt=\"\" width=\"600\" height=\"600\" srcset=\"https:\/\/smago.de\/ws2\/wp-content\/uploads\/2020\/09\/alarmstuferot_4-600x600.png 600w, https:\/\/smago.de\/ws2\/wp-content\/uploads\/2020\/09\/alarmstuferot_4-522x522.png 522w, https:\/\/smago.de\/ws2\/wp-content\/uploads\/2020\/09\/alarmstuferot_4-800x800.png 800w, https:\/\/smago.de\/ws2\/wp-content\/uploads\/2020\/09\/alarmstuferot_4-150x150.png 150w, https:\/\/smago.de\/ws2\/wp-content\/uploads\/2020\/09\/alarmstuferot_4-768x768.png 768w, https:\/\/smago.de\/ws2\/wp-content\/uploads\/2020\/09\/alarmstuferot_4-272x272.png 272w, https:\/\/smago.de\/ws2\/wp-content\/uploads\/2020\/09\/alarmstuferot_4-130x130.png 130w, https:\/\/smago.de\/ws2\/wp-content\/uploads\/2020\/09\/alarmstuferot_4-445x445.png 445w, https:\/\/smago.de\/ws2\/wp-content\/uploads\/2020\/09\/alarmstuferot_4-190x190.png 190w, https:\/\/smago.de\/ws2\/wp-content\/uploads\/2020\/09\/alarmstuferot_4-290x290.png 290w, https:\/\/smago.de\/ws2\/wp-content\/uploads\/2020\/09\/alarmstuferot_4.png 1500w\" sizes=\"(max-width: 600px) 100vw, 600px\" \/><\/div>\n","protected":false},"excerpt":{"rendered":"<p>Alle Information zur Gro\u00df-Demo am Mittwoch (09.09.2020) um 12:05 Uhr in Berlin, die sogar von &#8222;(Corona-)Wutb\u00fcrger&#8220; Achim Petry f\u00fcr gut<\/p>\n","protected":false},"author":2,"featured_media":152282,"comment_status":"open","ping_status":"closed","sticky":false,"template":"","format":"standard","meta":{"_FSMCFIC_featured_image_caption":"","_FSMCFIC_featured_image_nocaption":"","_FSMCFIC_featured_image_hide":""},"categories":[33],"tags":[1709],"acf":[],"_links":{"self":[{"href":"https:\/\/smago.de\/ws2\/wp-json\/wp\/v2\/posts\/152279"}],"collection":[{"href":"https:\/\/smago.de\/ws2\/wp-json\/wp\/v2\/posts"}],"about":[{"href":"https:\/\/smago.de\/ws2\/wp-json\/wp\/v2\/types\/post"}],"author":[{"embeddable":true,"href":"https:\/\/smago.de\/ws2\/wp-json\/wp\/v2\/users\/2"}],"replies":[{"embeddable":true,"href":"https:\/\/smago.de\/ws2\/wp-json\/wp\/v2\/comments?post=152279"}],"version-history":[{"count":4,"href":"https:\/\/smago.de\/ws2\/wp-json\/wp\/v2\/posts\/152279\/revisions"}],"predecessor-version":[{"id":152340,"href":"https:\/\/smago.de\/ws2\/wp-json\/wp\/v2\/posts\/152279\/revisions\/152340"}],"wp:featuredmedia":[{"embeddable":true,"href":"https:\/\/smago.de\/ws2\/wp-json\/wp\/v2\/media\/152282"}],"wp:attachment":[{"href":"https:\/\/smago.de\/ws2\/wp-json\/wp\/v2\/media?parent=152279"}],"wp:term":[{"taxonomy":"category","embeddable":true,"href":"https:\/\/smago.de\/ws2\/wp-json\/wp\/v2\/categories?post=152279"},{"taxonomy":"post_tag","embeddable":true,"href":"https:\/\/smago.de\/ws2\/wp-json\/wp\/v2\/tags?post=152279"}],"curies":[{"name":"wp","href":"https:\/\/api.w.org\/{rel}","templated":true}]}}