{"id":152104,"date":"2020-09-04T00:00:34","date_gmt":"2020-09-03T22:00:34","guid":{"rendered":"https:\/\/online.smago.de\/ws2\/?p=152104"},"modified":"2020-09-03T08:46:29","modified_gmt":"2020-09-03T06:46:29","slug":"helge-schneider-u-a-heute-04-09-2020-in-der-talk-show-koelner-treff-zu-gast","status":"publish","type":"post","link":"https:\/\/smago.de\/ws2\/nonsens\/helge-schneider-u-a-heute-04-09-2020-in-der-talk-show-koelner-treff-zu-gast\/","title":{"rendered":"HELGE SCHNEIDER u.a. <br>Heute (04.09.2020) in der Talk-Show &#8222;K\u00f6lner Treff&#8220; zu Gast!"},"content":{"rendered":"<p>WDR Fernsehen, 22:00 Uhr &#8211; 23:30 Uhr (1. Wh. in der Nacht auf 05.09., 00:15 Uhr &#8211; 01:45 Uhr; 2. Wh.: 06.09., 10:30 Uhr &#8211; 12:00 Uhr)! Moderation: Bettina B\u00f6ttinger!<br \/>\n<!--more--><\/p>\n<p>&nbsp;<\/p>\n<p>&nbsp;<\/p>\n<p style=\"text-align: justify;\">\n<p style=\"text-align: justify;\"><strong>Helge Schneider<\/strong><\/p>\n<p style=\"text-align: justify;\">\nSo einen wie ihn gibt es nicht zweimal. Helge Schneider ist ein Ausnahmek\u00fcnstler, der \u00fcber 40 Jahre sein Publikum mit einer Mischung aus subversivem Quatsch und virtuoser Musikalit\u00e4t begeistert. Auch, wenn er im Mai per Videobotschaft seine Fans damit schockierte, in Corona-Zeiten nicht mehr auftreten zu wollen und \u00fcber Rente nachdachte, ist er jetzt auf Sommertour und nat\u00fcrlich auch bei uns im K\u00f6lner Treff. Gemeinsam feiern wir seinen 65. Geburtstag und blicken auf eine einzigartige Karriere.<\/p>\n<p>&nbsp;<\/p>\n<p>&nbsp;<\/p>\n<p style=\"text-align: justify;\">\n<p><strong>Elena Uhlig &amp; Fritz Karl<\/strong><\/p>\n<p style=\"text-align: justify;\">\nSie sind ein echtes &#8222;Power-Couple&#8220;! W\u00e4hrend andere Paare durch die Corona-Krise an den Rand der Verzweiflung geraten sind, haben Schauspielerin Elena Uhlig und Lebensgef\u00e4hrte Fritz Karl &#8211; ebenfalls erfolgreicher Schauspieler &#8211; aus der Not eine Tugend gemacht! Mit &#8222;Uhlig&#8217;s Tagebuch&#8220; unterhielten die beiden auf sehr humorvolle Weise ihre Follower auf Social Media und leisteten so ihren Beitrag zum Corona-Lockdown. Wie Eltern von vier gemeinsamen Kindern es schaffen, ihren Humor auch dann nicht zu verlieren, wenn es eigentlich nicht viel zu lachen gibt, und was Elena Uhlig nun ohne ihren Mann im Netz veranstaltet, erz\u00e4hlen sie uns w\u00e4hrend ihres Besuchs bei Bettina B\u00f6ttinger.<\/p>\n<p>&nbsp;<\/p>\n<p>&nbsp;<\/p>\n<p style=\"text-align: justify;\">\n<p><strong>Jan Weiler<\/strong><\/p>\n<p style=\"text-align: justify;\">\nEr ist Journalist, Bestsellerautor und Vater undfragt sich, warum sein Wunsch zum Mittagessen: &#8222;Sorbet an Pinienkernmilch, Seeteufelleberscheiben an Risotto und ein gek\u00fchlter Kardamom-Toffee-Schaum&#8220; von seiner Familie als unrealistisch eingestuft wird. In seinen B\u00fcchern beschreibt der geb\u00fcrtige D\u00fcsseldorfer humorvoll den vielseitigen Familienalltag. Irgendwann ist es soweit: Die Kinder werden erwachsen und ziehen aus! Fragen wie &#8222;Was soll jetzt aus mir werden?&#8220; und Erkenntnisse wie &#8222;Man ist 49, f\u00fchlt sich wie 29, wird aber behandelt, als sei man 79&#8220; treiben ihn seitdem um. Wie er damit umgeht und auf welche Ideen seine Kinder kommen, wird er uns im K\u00f6lner Treff erz\u00e4hlen.<\/p>\n<p>&nbsp;<\/p>\n<p>&nbsp;<\/p>\n<p style=\"text-align: justify;\">\n<p><strong>Sarah Willis<\/strong><\/p>\n<p style=\"text-align: justify;\">\nSie gilt als einer der gro\u00dfen Stars in einer Szene, in der Frauen lange Zeit unterrepr\u00e4sentiert waren. Die Karriere der in den USA geborenen Britin, die in Tokio, Boston, Moskau und London aufwuchs, ist bemerkenswert: Nach dem Mauerfall stie\u00df die Hornistin zum Orchester der Berliner Lindenoper, seit beinahe 20 Jahren geh\u00f6rt Sarah den Berliner Philharmonikern an. Im K\u00f6lner Treff zeichnen wir Stationen einer bemerkenswerten Lebens- und Karrieregeschichte nach, erfahren, warum Mozart und Mambo nicht so weit auseinander liegen, wie man denken k\u00f6nnte. Und wir h\u00f6ren, warum man als Hornistin in Aus\u00fcbung des Berufes niemals Lippenstift tragen sollte.<\/p>\n<p>&nbsp;<\/p>\n<p>&nbsp;<\/p>\n<p style=\"text-align: justify;\">\n<p><strong>Marc Wallert<\/strong><\/p>\n<p style=\"text-align: justify;\">\nDie Bilder gingen damals um die Welt. Viereinhalb Monate waren er und seine Eltern im Jahr 2000 in Geiselhaft auf den Philippinen. Was sie dort erlebten, klingt nach einem Albtraum: Guerillak\u00e4mpfe und Granatenbeschuss, giftiges Getier, miserable Hygiene, fehlende Privatsph\u00e4re &#8211; und an manchen Tagen drohte sogar die Enthauptung. Deutschland atmete auf, als Marc Wallert und seine Eltern nach qu\u00e4lenden Wochen die Freiheit zur\u00fcckerlangten. Heute arbeitet Marc Wallert erfolgreich als Krisenmanager, denn damals im Dschungel hat er gelernt, mit Bedrohungen umzugehen. Genau zwanzig Jahre sp\u00e4ter l\u00e4sst er bei uns die Ereignisse Revue passieren und sagt sogar: &#8222;Ich w\u00fcnsche das wirklich niemandem, ich m\u00f6chte es aber in meinem Leben nicht mehr missen&#8220;.<\/p>\n<p>&nbsp;<\/p>\n<p>&nbsp;<\/p>\n<p style=\"text-align: justify;\">\n<p><strong>Aileen Moeck<\/strong><\/p>\n<p style=\"text-align: justify;\">\nDie 30-j\u00e4hrige Berlinerin hat an der Freien Universit\u00e4t Zukunftsforschung studiert und am Kopenhagener Zukunftsinstitut gearbeitet. Sie ber\u00e4t Unternehmen, aber auch Staaten, in der Zukunftsgestaltung. Also in der Frage, wie man Zukunft denken und beeinflussen kann. Daf\u00fcr hat sie die Organisation &#8222;Die Zukunftsbauer&#8220; gegr\u00fcndet, mit der Schulen unterst\u00fctzt werden auf dem Weg in ein neues Bildungszeitalter.<\/p>\n<p>Auch die Fragen, wie wir unsere Welt nach Corona neu gestalten, treibt sie um. Fragen, die sich wohl jeder und jede von uns im Moment stellt.<\/p>\n","protected":false},"excerpt":{"rendered":"<p>WDR Fernsehen, 22:00 Uhr &#8211; 23:30 Uhr (1. Wh. in der Nacht auf 05.09., 00:15 Uhr &#8211; 01:45 Uhr; 2.<\/p>\n","protected":false},"author":2,"featured_media":150736,"comment_status":"open","ping_status":"closed","sticky":false,"template":"","format":"standard","meta":{"_FSMCFIC_featured_image_caption":"","_FSMCFIC_featured_image_nocaption":"","_FSMCFIC_featured_image_hide":""},"categories":[23,128],"tags":[129],"acf":[],"_links":{"self":[{"href":"https:\/\/smago.de\/ws2\/wp-json\/wp\/v2\/posts\/152104"}],"collection":[{"href":"https:\/\/smago.de\/ws2\/wp-json\/wp\/v2\/posts"}],"about":[{"href":"https:\/\/smago.de\/ws2\/wp-json\/wp\/v2\/types\/post"}],"author":[{"embeddable":true,"href":"https:\/\/smago.de\/ws2\/wp-json\/wp\/v2\/users\/2"}],"replies":[{"embeddable":true,"href":"https:\/\/smago.de\/ws2\/wp-json\/wp\/v2\/comments?post=152104"}],"version-history":[{"count":1,"href":"https:\/\/smago.de\/ws2\/wp-json\/wp\/v2\/posts\/152104\/revisions"}],"predecessor-version":[{"id":152105,"href":"https:\/\/smago.de\/ws2\/wp-json\/wp\/v2\/posts\/152104\/revisions\/152105"}],"wp:featuredmedia":[{"embeddable":true,"href":"https:\/\/smago.de\/ws2\/wp-json\/wp\/v2\/media\/150736"}],"wp:attachment":[{"href":"https:\/\/smago.de\/ws2\/wp-json\/wp\/v2\/media?parent=152104"}],"wp:term":[{"taxonomy":"category","embeddable":true,"href":"https:\/\/smago.de\/ws2\/wp-json\/wp\/v2\/categories?post=152104"},{"taxonomy":"post_tag","embeddable":true,"href":"https:\/\/smago.de\/ws2\/wp-json\/wp\/v2\/tags?post=152104"}],"curies":[{"name":"wp","href":"https:\/\/api.w.org\/{rel}","templated":true}]}}