{"id":152034,"date":"2020-09-04T00:23:52","date_gmt":"2020-09-03T22:23:52","guid":{"rendered":"https:\/\/online.smago.de\/ws2\/?p=152034"},"modified":"2020-09-04T00:24:11","modified_gmt":"2020-09-03T22:24:11","slug":"mario-steffen","status":"publish","type":"post","link":"https:\/\/smago.de\/ws2\/uncategorized\/mario-steffen\/","title":{"rendered":"MARIO STEFFEN <br>smago! top-exklusiv: Mario Steffen verr\u00e4t uns das Geheimnis rund um &#8222;Metropolis&#8220;!"},"content":{"rendered":"<p>SEINE Version des Titels &#8222;Metropolis&#8220; &#8211; im Original gesungen von Katja Ebstein &#8211; erscheint heute (04.09.2020) via &#8222;Fiesta Records!&#8220;!<br \/>\n<!--more--><\/p>\n<p>&nbsp;<\/p>\n<p>&nbsp;<\/p>\n<div style=\"text-align: justify;\"><em>&#8222;METROPOLIS&#8220; &#8211; 1983 hat mir meine Mutter die Single &#8222;Fluchtwege&#8220; von Katja Ebstein in einem Schallplattenladen gekauft. Ich war sofort fasziniert von der B-Seite &#8222;Metropolis&#8220; und lie\u00df mich bis heute einfach nicht mehr los. Dieses Lied ist leider bislang nie auf CD ver\u00f6ffentlicht worden. Ich wollte das &#8222;vergessene&#8220; Lied schon lange zum neuen Leben erwecken, doch welchen Produzenten ich diesen Song auch vorlag, viele rieten davon ab, weil es einfach nicht &#8222;melodisch&#8220; und &#8222;schlagerhaft&#8220; genug sei. Somit hab ich diesen Gedanken, es neu zu ver\u00f6ffentlichen, traurig immer wieder in Schubl\u00e4den verschlossen &#8230; <\/em><\/div>\n<div style=\"text-align: justify;\"><em><br \/>\n&#8230;, bis ich vor ein paar Monaten Hit-Produzent Robert Meister (&#8222;Mr. President&#8220;) den Originalsong per Mail schickte und ich ihn darum bat, diesen magischen Song in ein neues Gewand zu packen. Er fand die Idee sofort super und die Umsetzung hat ziemlich lange gedauert&#8230; immer wieder feilte Robert hier und da herum und irgendwann war das DEMO fertig. Ich war sofort Feuer und Flamme und nahm ein paar Tage sp\u00e4ter in Bremen den Song neu auf &#8230; <\/em><\/div>\n<div><\/div>\n<div style=\"text-align: justify;\"><em>&#8230; und herausgekommen ist nun diese Fassung. Das dazugeh\u00f6rige Video wird am Freitag, 04.09.2020 ver\u00f6ffentlicht, ebenso ist dann der Titel bei allen Download-und Streamingdiensten erh\u00e4ltlich.<\/em><\/div>\n<div><\/div>\n<div style=\"text-align: justify;\"><em>Bereits vor der offiziellen Ver\u00f6ffentlichung ist &#8222;METROPOLIS&#8220; bereits Neuvorstellung in der belgischen Schlagerparade (BRF 2).<\/em><\/div>\n<div><\/div>\n","protected":false},"excerpt":{"rendered":"<p>SEINE Version des Titels &#8222;Metropolis&#8220; &#8211; im Original gesungen von Katja Ebstein &#8211; erscheint heute (04.09.2020) via &#8222;Fiesta Records!&#8220;!<\/p>\n","protected":false},"author":2,"featured_media":151460,"comment_status":"open","ping_status":"closed","sticky":false,"template":"","format":"standard","meta":{"_FSMCFIC_featured_image_caption":"","_FSMCFIC_featured_image_nocaption":"","_FSMCFIC_featured_image_hide":""},"categories":[28,29,1],"tags":[512],"acf":[],"_links":{"self":[{"href":"https:\/\/smago.de\/ws2\/wp-json\/wp\/v2\/posts\/152034"}],"collection":[{"href":"https:\/\/smago.de\/ws2\/wp-json\/wp\/v2\/posts"}],"about":[{"href":"https:\/\/smago.de\/ws2\/wp-json\/wp\/v2\/types\/post"}],"author":[{"embeddable":true,"href":"https:\/\/smago.de\/ws2\/wp-json\/wp\/v2\/users\/2"}],"replies":[{"embeddable":true,"href":"https:\/\/smago.de\/ws2\/wp-json\/wp\/v2\/comments?post=152034"}],"version-history":[{"count":4,"href":"https:\/\/smago.de\/ws2\/wp-json\/wp\/v2\/posts\/152034\/revisions"}],"predecessor-version":[{"id":152075,"href":"https:\/\/smago.de\/ws2\/wp-json\/wp\/v2\/posts\/152034\/revisions\/152075"}],"wp:featuredmedia":[{"embeddable":true,"href":"https:\/\/smago.de\/ws2\/wp-json\/wp\/v2\/media\/151460"}],"wp:attachment":[{"href":"https:\/\/smago.de\/ws2\/wp-json\/wp\/v2\/media?parent=152034"}],"wp:term":[{"taxonomy":"category","embeddable":true,"href":"https:\/\/smago.de\/ws2\/wp-json\/wp\/v2\/categories?post=152034"},{"taxonomy":"post_tag","embeddable":true,"href":"https:\/\/smago.de\/ws2\/wp-json\/wp\/v2\/tags?post=152034"}],"curies":[{"name":"wp","href":"https:\/\/api.w.org\/{rel}","templated":true}]}}