{"id":151963,"date":"2020-09-01T11:06:48","date_gmt":"2020-09-01T09:06:48","guid":{"rendered":"https:\/\/online.smago.de\/ws2\/?p=151963"},"modified":"2020-09-01T11:10:06","modified_gmt":"2020-09-01T09:10:06","slug":"smago-informiert-lucile-meisel-musik-gruppe-veranstaltet-erste-erfolgreiche-songwriting-sessions-in-den-hansa-studios","status":"publish","type":"post","link":"https:\/\/smago.de\/ws2\/smago-informiert\/smago-informiert-lucile-meisel-musik-gruppe-veranstaltet-erste-erfolgreiche-songwriting-sessions-in-den-hansa-studios\/","title":{"rendered":"smago! INFORMIERT <br>LUCILE-MEISEL Musik Gruppe veranstaltet erste erfolgreiche Songwriting Sessions in den Hansa-Studios!"},"content":{"rendered":"<div class=\"mceTemp\"><\/div>\n<p>Die LUCILE-MEISEL Musik Gruppe ist Teil der seit 1926 in Familiensitz befindlichen Meisel Musikverlage!<br \/>\n<!--more--><\/p>\n<p>&nbsp;<\/p>\n<p>&nbsp;<\/p>\n<p style=\"text-align: justify;\">Die LUCILE-MEISEL Musik\u00a0Gruppe veranstaltete zum ersten Mal Songwriting Sessions in den legend\u00e4ren Hansa-Studios in Berlin. K\u00fcnstlerInnen wie Tanja Lasch, Sotiria, Paulina Wagner, Bernhard\u00a0Brink, Ross Antony, Mitch Keller und renommierte Autoren der Schlagerszene arbeiteten eine Woche lang in den traditionsreichen Studios gemeinsam an neuen Songs zusammen und suchten im Kreativprozess auch langfristige neue musikalische Partner.<\/p>\n<p>&nbsp;<\/p>\n<p>&nbsp;<\/p>\n<p><strong>Kirsten Meisel, Gesch\u00e4ftsf\u00fchrerin LUCILE-MEISEL Musik Gruppe:<\/strong> <em>\u201eWir sind gl\u00fccklich, dass wir trotz der besonderen Umst\u00e4nde diese Songwriting Session verwirklichen konnten. Gerade in dieser f\u00fcr die Kultur- und Musikszene schwierigen Zeit, wollten wir den K\u00fcnstlern und unseren Autoren einen pers\u00f6nlichen und kreativen Austausch erm\u00f6glichen. Wir freuen uns \u00fcber die gro\u00dfe Resonanz und sind uns sicher, dass die k\u00fcnstlerischen Ergebnisse dieser Woche f\u00fcr unseren Verlag viele positive Akzente setzen werden.\u201c<\/em><\/p>\n<p>&nbsp;<\/p>\n<p><strong>Marcus Zander, Verlagsleiter LUCILE-MEISEL Musik Gruppe:<\/strong> <em>\u201eIn dieser Woche konnte man erleben, wie wichtig in unserer digitalen Welt trotzdem der pers\u00f6nliche Austausch und das gemeinsame Arbeiten f\u00fcr den k\u00fcnstlerischen Prozess sind. Man merkte, dass alle Teilnehmer die Tradition und die Historie dieser Studios inspirierend empfanden und diese besondere Atmosph\u00e4re der Studios zu sch\u00e4tzen wissen.\u201c<\/em><\/p>\n<p>&nbsp;<\/p>\n<p style=\"text-align: justify;\"><strong>Christopher Gronau, A&amp;R Manager LUCILE-MEISEL Musik Gruppe &amp; TELAMO:<\/strong> \u201e<em>Das ist die erste Veranstaltung der LUCILE-MEISEL Musik\u00a0Gruppe. Wir haben hier gro\u00dfartige Autoren im Studio, f\u00fcr die es eine wunderbare Sache ist, dass die K\u00fcnstler mit vor Ort sind. Das schafft eine pers\u00f6nliche Bindung zu den Werken, sie merken wie diese Songs entstehen und sind am Entstehungsprozess aktiv beteiligt. Wir haben hier w\u00e4hrend der Sessions schon viele gute Songs entstehen sehen und ich glaube, dass eine Vielzahl davon auch auf den neuen Alben zu h\u00f6ren sein werden.\u201c<\/em><\/p>\n<p>&nbsp;<\/p>\n<p style=\"text-align: justify;\">\n<p style=\"text-align: justify;\">Die LUCILE-MEISEL Musik Gruppe ist Teil der Meisel Musikverlage. Gegr\u00fcndet 1926, befindet sich das Verlagshaus auch heute noch in Familienbesitz. Das Repertoire umfasst mehr als 50.000 Copyrights aus den unterschiedlichsten Sparten und Epochen. Zum Unternehmen geh\u00f6ren die legend\u00e4ren Hansa Studios in denen K\u00fcnstler wie David Bowie, Marianne Rosenberg, Udo J\u00fcrgens, Depeche Mode, Falco, Nick Cave, Snow Patrol, U2 u.v.a. mehr ihre Alben aufgenommen haben.<\/p>\n<p style=\"text-align: justify;\">\n<p>Die LUCILE-MEISEL Musik Gruppe arbeitet eng mit der TELAMO Musik und Unterhaltung GmbH zusammen und\u00a0liefert regelm\u00e4\u00dfig Top-Platzierungen im Airplay und Sales mit etablierten Autoren bei erfolgreichen Interpreten.<\/p>\n<p>&nbsp;<\/p>\n<p>&nbsp;<\/p>\n<figure id=\"attachment_151965\" aria-describedby=\"caption-attachment-151965\" style=\"width: 800px\" class=\"wp-caption alignnone\"><img decoding=\"async\" loading=\"lazy\" class=\"size-full wp-image-151965\" src=\"https:\/\/online.smago.de\/ws2\/wp-content\/uploads\/2020\/09\/KirstenMeisel_ChristopherGronau_MacusZander_A\u00a9MarcVorwerk_kl.jpg\" alt=\"\" width=\"800\" height=\"533\" srcset=\"https:\/\/smago.de\/ws2\/wp-content\/uploads\/2020\/09\/KirstenMeisel_ChristopherGronau_MacusZander_A\u00a9MarcVorwerk_kl.jpg 800w, https:\/\/smago.de\/ws2\/wp-content\/uploads\/2020\/09\/KirstenMeisel_ChristopherGronau_MacusZander_A\u00a9MarcVorwerk_kl-522x348.jpg 522w, https:\/\/smago.de\/ws2\/wp-content\/uploads\/2020\/09\/KirstenMeisel_ChristopherGronau_MacusZander_A\u00a9MarcVorwerk_kl-225x150.jpg 225w, https:\/\/smago.de\/ws2\/wp-content\/uploads\/2020\/09\/KirstenMeisel_ChristopherGronau_MacusZander_A\u00a9MarcVorwerk_kl-768x512.jpg 768w, https:\/\/smago.de\/ws2\/wp-content\/uploads\/2020\/09\/KirstenMeisel_ChristopherGronau_MacusZander_A\u00a9MarcVorwerk_kl-392x261.jpg 392w, https:\/\/smago.de\/ws2\/wp-content\/uploads\/2020\/09\/KirstenMeisel_ChristopherGronau_MacusZander_A\u00a9MarcVorwerk_kl-130x87.jpg 130w, https:\/\/smago.de\/ws2\/wp-content\/uploads\/2020\/09\/KirstenMeisel_ChristopherGronau_MacusZander_A\u00a9MarcVorwerk_kl-668x445.jpg 668w, https:\/\/smago.de\/ws2\/wp-content\/uploads\/2020\/09\/KirstenMeisel_ChristopherGronau_MacusZander_A\u00a9MarcVorwerk_kl-783x522.jpg 783w, https:\/\/smago.de\/ws2\/wp-content\/uploads\/2020\/09\/KirstenMeisel_ChristopherGronau_MacusZander_A\u00a9MarcVorwerk_kl-285x190.jpg 285w, https:\/\/smago.de\/ws2\/wp-content\/uploads\/2020\/09\/KirstenMeisel_ChristopherGronau_MacusZander_A\u00a9MarcVorwerk_kl-435x290.jpg 435w, https:\/\/smago.de\/ws2\/wp-content\/uploads\/2020\/09\/KirstenMeisel_ChristopherGronau_MacusZander_A\u00a9MarcVorwerk_kl-150x100.jpg 150w, https:\/\/smago.de\/ws2\/wp-content\/uploads\/2020\/09\/KirstenMeisel_ChristopherGronau_MacusZander_A\u00a9MarcVorwerk_kl-370x247.jpg 370w\" sizes=\"(max-width: 800px) 100vw, 800px\" \/><figcaption id=\"caption-attachment-151965\" class=\"wp-caption-text\"><em>Foto-Credit: LUCILE-MEISEL-Musikverlag GmbH<\/em><\/figcaption><\/figure>\n","protected":false},"excerpt":{"rendered":"<p>Die LUCILE-MEISEL Musik Gruppe ist Teil der seit 1926 in Familiensitz befindlichen Meisel Musikverlage!<\/p>\n","protected":false},"author":2,"featured_media":151964,"comment_status":"open","ping_status":"closed","sticky":false,"template":"","format":"standard","meta":{"_FSMCFIC_featured_image_caption":"","_FSMCFIC_featured_image_nocaption":"","_FSMCFIC_featured_image_hide":""},"categories":[33],"tags":[60],"acf":[],"_links":{"self":[{"href":"https:\/\/smago.de\/ws2\/wp-json\/wp\/v2\/posts\/151963"}],"collection":[{"href":"https:\/\/smago.de\/ws2\/wp-json\/wp\/v2\/posts"}],"about":[{"href":"https:\/\/smago.de\/ws2\/wp-json\/wp\/v2\/types\/post"}],"author":[{"embeddable":true,"href":"https:\/\/smago.de\/ws2\/wp-json\/wp\/v2\/users\/2"}],"replies":[{"embeddable":true,"href":"https:\/\/smago.de\/ws2\/wp-json\/wp\/v2\/comments?post=151963"}],"version-history":[{"count":3,"href":"https:\/\/smago.de\/ws2\/wp-json\/wp\/v2\/posts\/151963\/revisions"}],"predecessor-version":[{"id":151968,"href":"https:\/\/smago.de\/ws2\/wp-json\/wp\/v2\/posts\/151963\/revisions\/151968"}],"wp:featuredmedia":[{"embeddable":true,"href":"https:\/\/smago.de\/ws2\/wp-json\/wp\/v2\/media\/151964"}],"wp:attachment":[{"href":"https:\/\/smago.de\/ws2\/wp-json\/wp\/v2\/media?parent=151963"}],"wp:term":[{"taxonomy":"category","embeddable":true,"href":"https:\/\/smago.de\/ws2\/wp-json\/wp\/v2\/categories?post=151963"},{"taxonomy":"post_tag","embeddable":true,"href":"https:\/\/smago.de\/ws2\/wp-json\/wp\/v2\/tags?post=151963"}],"curies":[{"name":"wp","href":"https:\/\/api.w.org\/{rel}","templated":true}]}}