{"id":151941,"date":"2020-09-01T00:00:31","date_gmt":"2020-08-31T22:00:31","guid":{"rendered":"https:\/\/online.smago.de\/ws2\/?p=151941"},"modified":"2020-08-31T18:58:22","modified_gmt":"2020-08-31T16:58:22","slug":"die-schaefer-zu-ihrem-30-jaehrigen-jubilaeum-erscheint-ein-neues-albums-namens-lebenslust","status":"publish","type":"post","link":"https:\/\/smago.de\/ws2\/volksmusik\/die-schaefer-zu-ihrem-30-jaehrigen-jubilaeum-erscheint-ein-neues-albums-namens-lebenslust\/","title":{"rendered":"DIE SCH\u00c4FER <br>Zu ihrem 30-j\u00e4hrigen Jubil\u00e4um erscheint ein neues Albums namens &#8222;Lebenslust!&#8220;!"},"content":{"rendered":"<p>Die CD erscheint am 25.09.2020!<br \/>\n<!--more--><\/p>\n<p style=\"text-align: justify;\">\n<p style=\"text-align: justify;\">\n<p style=\"text-align: justify;\">DIE SCH\u00c4FER pr\u00e4sentieren zu ihrem 30. Jubil\u00e4um ihr neues Werk &#8222;Lebenslust&#8220;.<\/p>\n<p style=\"text-align: justify;\">Hier ist der Name definitiv Programm!<\/p>\n<p style=\"text-align: justify;\">Fans des volkst\u00fcmlichen Schlagers kommen bei den neuen Songs voll auf ihre Kosten und werden von der Lebensfreude der Erfolgsformation in den Bann gezogen.<\/p>\n<p style=\"text-align: justify;\">Die Gruppe, bestehend aus Uwe, Bianca, Michael und Carla, wollte <em>\u201eetwas Einzigartiges schaffen, das noch lange seinen Wert behalten soll\u201c<\/em>\u00a0und &#8211; hat ihr Versprechen gehalten.<\/p>\n<p style=\"text-align: justify;\">Das Warten hat sich gelohnt!<\/p>\n<p style=\"text-align: justify;\">Ab Herbst 2020 k\u00f6nnen die Sch\u00e4fer-Fans die Lebenslust ihrer Lieblingsgruppe auf Tournee auch aus der N\u00e4he erleben, soweit Corona es zul\u00e4sst.<\/p>\n<p style=\"text-align: justify;\">\n<p style=\"text-align: justify;\">\n<p style=\"text-align: justify;\">\n<p><strong>TITELLISTE<\/strong><\/p>\n<p>&nbsp;<\/p>\n<p>1<br \/>\nMiteinander<br \/>\n00:03:20<\/p>\n<p>2<br \/>\nNimm diesen Tag &#8230;. und mach was draus<br \/>\n00:03:32<\/p>\n<p>3<br \/>\nWorte<br \/>\n00:03:06<\/p>\n<p>4<br \/>\nSo viel Spa\u00df<br \/>\n00:03:05<\/p>\n<p>5<br \/>\nWer den Himmel teilt<br \/>\n00:02:58<br \/>\nDEE862002264<\/p>\n<p>6<br \/>\nEin Stern am Himalaya<br \/>\n00:03:05<\/p>\n<p>7<br \/>\nDas Leben ist sch\u00f6n<br \/>\n00:03:00<br \/>\nDEE862002266<\/p>\n<p>8<br \/>\nBis ans Ende der Ewigkeit<br \/>\n00:03:00<\/p>\n<p>9<br \/>\nIch entdeck die Lebenslust<br \/>\n00:03:00<\/p>\n<p>10<br \/>\nIch brauch zum Gl\u00fccklichsein<br \/>\n00:02:55<\/p>\n<p>11<br \/>\nSp\u00e4ter ist vielleicht zu sp\u00e4t<br \/>\n00:03:15<\/p>\n<p>12<br \/>\nErfolgs-Sch\u00e4fer-Medley<br \/>\n00:06:03<\/p>\n","protected":false},"excerpt":{"rendered":"<p>Die CD erscheint am 25.09.2020!<\/p>\n","protected":false},"author":2,"featured_media":151942,"comment_status":"open","ping_status":"closed","sticky":false,"template":"","format":"standard","meta":{"_FSMCFIC_featured_image_caption":"","_FSMCFIC_featured_image_nocaption":"","_FSMCFIC_featured_image_hide":""},"categories":[30],"tags":[913],"acf":[],"_links":{"self":[{"href":"https:\/\/smago.de\/ws2\/wp-json\/wp\/v2\/posts\/151941"}],"collection":[{"href":"https:\/\/smago.de\/ws2\/wp-json\/wp\/v2\/posts"}],"about":[{"href":"https:\/\/smago.de\/ws2\/wp-json\/wp\/v2\/types\/post"}],"author":[{"embeddable":true,"href":"https:\/\/smago.de\/ws2\/wp-json\/wp\/v2\/users\/2"}],"replies":[{"embeddable":true,"href":"https:\/\/smago.de\/ws2\/wp-json\/wp\/v2\/comments?post=151941"}],"version-history":[{"count":2,"href":"https:\/\/smago.de\/ws2\/wp-json\/wp\/v2\/posts\/151941\/revisions"}],"predecessor-version":[{"id":151944,"href":"https:\/\/smago.de\/ws2\/wp-json\/wp\/v2\/posts\/151941\/revisions\/151944"}],"wp:featuredmedia":[{"embeddable":true,"href":"https:\/\/smago.de\/ws2\/wp-json\/wp\/v2\/media\/151942"}],"wp:attachment":[{"href":"https:\/\/smago.de\/ws2\/wp-json\/wp\/v2\/media?parent=151941"}],"wp:term":[{"taxonomy":"category","embeddable":true,"href":"https:\/\/smago.de\/ws2\/wp-json\/wp\/v2\/categories?post=151941"},{"taxonomy":"post_tag","embeddable":true,"href":"https:\/\/smago.de\/ws2\/wp-json\/wp\/v2\/tags?post=151941"}],"curies":[{"name":"wp","href":"https:\/\/api.w.org\/{rel}","templated":true}]}}