{"id":151647,"date":"2020-08-28T00:00:01","date_gmt":"2020-08-27T22:00:01","guid":{"rendered":"https:\/\/online.smago.de\/ws2\/?p=151647"},"modified":"2020-08-27T22:56:11","modified_gmt":"2020-08-27T20:56:11","slug":"nena-wandern-nenas-neuer-song-macht-sich-auf-den-weg","status":"publish","type":"post","link":"https:\/\/smago.de\/ws2\/ndw\/nena-wandern-nenas-neuer-song-macht-sich-auf-den-weg\/","title":{"rendered":"NENA <br>&#8222;Wandern&#8220;: Nena&#8217;s neuer Song macht sich auf den Weg &#8230;!"},"content":{"rendered":"<p><span class=\"Apple-converted-space\">\u00a0<\/span><b>\u201eWandern\u201c- Eine folk-hymnische Reise nur mit Akustikgitarre und die zweite Single des bald erscheinenden NENA-Albums &#8222;Licht&#8220;<span class=\"Apple-converted-space\">\u00a0!<br \/>\n<\/span><\/b><!--more--><\/p>\n<p>&nbsp;<\/p>\n<p>&nbsp;<\/p>\n<p style=\"text-align: justify;\">\u201eWandern\u201c- Eine folk-hymnische Reise nur mit Akustikgitarre und die zweite Single des bald erscheinenden NENA-Albums &#8222;Licht&#8220;<br \/>\nDas Leben ist eine Wanderung. Viele Wege gehen wir dabei gemeinsam mit anderen, manche ganz alleine, aber alle gehen wir mit uns selbst. Immer geht es irgendwo hin und mit NENAs neuem Song \u201eWandern\u201c genau dorthin, wo das Herz schl\u00e4gt.<\/p>\n<p>NENA: <em>\u201eF\u00fcr mein neues Album wollte ich einen transparenten, schlichten Sound. Einen Sound, der die Songs in den Mittelpunkt stellt. Und \u201eWandern\u201c wollte ich noch reduzierter produzieren. Es ging mir um das Lagerfeuergef\u00fchl, das ich beim Schreiben hatte. Das sollte nicht durch unn\u00f6tige Instrumentierung verloren gehen. &#8218;Wandern&#8216; singe ich daher so wie ich den Song geschrieben habe: zur Akustikgitarre.\u201c<\/em><\/p>\n<p>Eine knisternde Lagerfeuerw\u00e4rme versp\u00fcrt man bei \u201eWandern\u201c bereits in den ersten Takten. Die sanft gezupften Akkorde und NENAs unaufdringlich eindringlichen Lyrics versammeln alles und jeden ohne Umwege um den Kern des Songs.<\/p>\n<p>&nbsp;<\/p>\n<p>&nbsp;<\/p>\n<p><em>&#8222;Du und ich wir wandern <\/em><br \/>\n<em>Und immer geht es irgendwo hin <\/em><br \/>\n<em>Von einem Ort zum anderen <\/em><br \/>\n<em>Wo wir sein k\u00f6nnen wer wir sind <\/em><br \/>\n<em>Wo gerade alles wieder stimmt.&#8220;<\/em><\/p>\n<p>&nbsp;<\/p>\n<p>&nbsp;<\/p>\n<p>NENA: <em>\u201eIm Song geht \u0301s um Beziehungen und darum, wie wir miteinander durchs Leben wandern. Ob als Liebespaar oder als Mutter und Kind, als Freunde oder auch einfach mit uns selbst &#8230; Leben ist wie Wandern. Ein beweglicher Prozess. Und ich achte mein ganzes Leben darauf, beweglich zu bleiben und jeden starken Moment bewusst wahrzunehmen.\u201c<\/em><\/p>\n<p>So wie viele von NENAs Hits ist auch \u201eWandern\u201c ein echter Begleiter durch die Ups und Downs des Lebens. Ein Song wie ein Kompass, der einem hilft, den eigenen Weg zu gehen oder, wenn man meint, von ihm abgekommen zu sein, darauf zu vertrauen, dass man auf ihn zur\u00fcckfindet.<\/p>\n<p>NENA: <em>\u201eManchmal komme ich sogar gerne vom Weg ab! Wer vom Weg abkommt lernt die Welt kennen. Das ist mir lieber, als meine Fu\u00dfabdr\u00fccke st\u00e4ndig auf gewohnten Trampelpfaden zu hinterlassen.\u201c <\/em><\/p>\n<p>&nbsp;<\/p>\n<p>&nbsp;<\/p>\n<p style=\"text-align: justify;\"><em>&#8222;Wir waren beide schon auf komischen Wegen <\/em><br \/>\n<em>Und haben uns beide keine gute Zeit gegeben <\/em><br \/>\n<em>Doch jede Erfahrung darf auch irgendwann wieder gehen <\/em><br \/>\n<em>Unsere Erinnerungen sollen uns nie im Weg stehen <\/em><br \/>\n<em>Wir lassen sie gehen gehen gehen&#8220;<\/em><\/p>\n<p>&nbsp;<\/p>\n<p>&nbsp;<\/p>\n<p>\u201eWandern\u201c &#8211; Ein hingebungsvoller Song \u00fcbers Loslassen und ein Reisebericht aus den Tiefen der Seele. Und: ein wegweisender Schritt in Richtung des ab jetzt vorbestellbaren, neuen NENA-Albums \u201eLicht\u201c.<\/p>\n","protected":false},"excerpt":{"rendered":"<p>\u00a0\u201eWandern\u201c- Eine folk-hymnische Reise nur mit Akustikgitarre und die zweite Single des bald erscheinenden NENA-Albums &#8222;Licht&#8220;\u00a0!<\/p>\n","protected":false},"author":2,"featured_media":151648,"comment_status":"open","ping_status":"closed","sticky":false,"template":"","format":"standard","meta":{"_FSMCFIC_featured_image_caption":"","_FSMCFIC_featured_image_nocaption":"","_FSMCFIC_featured_image_hide":""},"categories":[22],"tags":[581],"acf":[],"_links":{"self":[{"href":"https:\/\/smago.de\/ws2\/wp-json\/wp\/v2\/posts\/151647"}],"collection":[{"href":"https:\/\/smago.de\/ws2\/wp-json\/wp\/v2\/posts"}],"about":[{"href":"https:\/\/smago.de\/ws2\/wp-json\/wp\/v2\/types\/post"}],"author":[{"embeddable":true,"href":"https:\/\/smago.de\/ws2\/wp-json\/wp\/v2\/users\/2"}],"replies":[{"embeddable":true,"href":"https:\/\/smago.de\/ws2\/wp-json\/wp\/v2\/comments?post=151647"}],"version-history":[{"count":2,"href":"https:\/\/smago.de\/ws2\/wp-json\/wp\/v2\/posts\/151647\/revisions"}],"predecessor-version":[{"id":151651,"href":"https:\/\/smago.de\/ws2\/wp-json\/wp\/v2\/posts\/151647\/revisions\/151651"}],"wp:featuredmedia":[{"embeddable":true,"href":"https:\/\/smago.de\/ws2\/wp-json\/wp\/v2\/media\/151648"}],"wp:attachment":[{"href":"https:\/\/smago.de\/ws2\/wp-json\/wp\/v2\/media?parent=151647"}],"wp:term":[{"taxonomy":"category","embeddable":true,"href":"https:\/\/smago.de\/ws2\/wp-json\/wp\/v2\/categories?post=151647"},{"taxonomy":"post_tag","embeddable":true,"href":"https:\/\/smago.de\/ws2\/wp-json\/wp\/v2\/tags?post=151647"}],"curies":[{"name":"wp","href":"https:\/\/api.w.org\/{rel}","templated":true}]}}