{"id":151638,"date":"2020-08-28T00:02:32","date_gmt":"2020-08-27T22:02:32","guid":{"rendered":"https:\/\/online.smago.de\/ws2\/?p=151638"},"modified":"2020-08-28T00:10:18","modified_gmt":"2020-08-27T22:10:18","slug":"smago-informiert-haltet-durch-und-kaempft-weiter-anmerkungen-von-werner-g-lengenfelder","status":"publish","type":"post","link":"https:\/\/smago.de\/ws2\/smago-informiert\/smago-informiert-haltet-durch-und-kaempft-weiter-anmerkungen-von-werner-g-lengenfelder\/","title":{"rendered":"smago! INFORMIERT <br>&#8222;Haltet durch und k\u00e4mpft weiter!&#8220; &#8211; Anmerkungen von Werner G. Lengenfelder!"},"content":{"rendered":"<p><em>smago!<\/em> kann &#8211; Wort f\u00fcr Wort &#8211; nur unterstreichen und bedankt sich auf das Herzlichste f\u00fcr diesen mutigen Vorsto\u00df &#8230;:<br \/>\n<!--more--><\/p>\n<p>&nbsp;<\/p>\n<p style=\"text-align: justify;\"><strong><em>Das war\u2019s dann\u2026 Gro\u00dfveranstaltungen bis 31. Dezember 2020 verboten<\/em><\/strong><\/p>\n<p><em>Anmerkungen von Werner G. Lengenfelder<\/em><\/p>\n<p>&nbsp;<\/p>\n<p><em>Die Bundeskanzlerin und die Ministerpr\u00e4sidenten sind sich einig: einer Branche wird der Todessto\u00df versetzt. Mit dem heutigen Beschluss, Gro\u00dfveranstaltungen bis 31. Dezember des Jahres weitgehend zu untersagen, ist das Ende f\u00fcr viele K\u00fcnstler, Veranstalter und etliche Menschen im Hintergrund gekommen.<br \/>\n<\/em><br \/>\n<em>F\u00fcr alle, die nicht in diesem Business arbeiten: Stellt euch vor, euer Chef h\u00e4tte seit M\u00e4rz dieses Jahres euren Lohn nicht mehr \u00fcberwiesen. Im g\u00fcnstigsten Fall vielleicht hin und wieder einen Teil, den er aber auch wieder zur\u00fcckfordert. Oder er gibt euch ein Darlehen, f\u00fcr das ihr Zinsen zahlt und das ihr irgendwann zur\u00fcckzahlen m\u00fcsst. Euer Guthaben auf dem Sparbuch reicht f\u00fcr zwei, drei Monate. Dann habt ihr noch einen Bausparvertrag oder eine Lebensversicherung, die ihr k\u00fcndigen k\u00f6nnt. Die waren aber eigentlich f\u00fcr die Absicherung im Alter vorgesehen. Noch schlimmer: Ihr wisst nicht, wann diese Situation zu Ende ist. Die Perspektive fehlt.<br \/>\n<\/em><br \/>\n<em>Im Gegensatz zur Lufthansa oder zu TUI ist die Veranstaltungsbranche nicht ein gro\u00dfes Unternehmen mit vielen Festangestellten und einer gro\u00dfen Lobby, sondern kleinteilig organisiert mit vielen Solo-Selbst\u00e4ndigen, die oft gerade so viel verdienen, dass sie \u00fcber die Runden kommen.<br \/>\n<\/em><br \/>\n<em>Mitte M\u00e4rz kam das Aus f\u00fcr diese Menschen. Von 100 auf null. Von heute auf morgen gab es ein Berufsverbot. Wenn dieses Jahr zu Ende ist, sind das neun Monate ohne Einnahmen. Januar und Februar sind in der Regel die ruhigen Monate, das hei\u00dft, wir n\u00e4hern uns im Fr\u00fchjahr 2021 einem ganzen Jahr ohne Verdienst.<\/em><br \/>\n<em><br \/>\nNiemand zweifelt erst einmal an der gesundheitlichen Notwendigkeit der Ma\u00dfnahmen zu Beginn der Pandemie. Wirtschaftlich h\u00e4lt das aber niemand durch. Ganz zu schweigen von der sozialen Komponente, das Gef\u00fchl, nicht gebraucht und anerkannt zu werden.<\/em><br \/>\n<em>Meiner Meinung nach hat die Politik hier eindeutig versagt, l\u00e4sst Millionen ihrer B\u00fcrger in den Abgrund st\u00fcrzen.<br \/>\n<\/em><br \/>\n<em>Die meisten Menschen sind derzeit mit sich selbst besch\u00e4ftigt, haben erst einmal Angst um ihre eigene Zukunft. Das ist ihnen nicht zu ver\u00fcbeln. Dass Kunst und Kultur fehlen, werden sie erst nach und nach merken.<\/em><br \/>\n<em><br \/>\nIch bin ein Mensch, der positiv denkt. F\u00fcr mich ist das Glas halb vor und nicht halb leer. Mir ist aber bewusst, dass f\u00fcr viele meiner Freunde in der Konzert- und Veranstaltungsbranche das Glas nicht mal mehr zu einem Viertel gef\u00fcllt ist.<\/em><br \/>\n<em><br \/>\nDas macht mich traurig. <\/em><br \/>\n<em><br \/>\nLeider bin ich nicht Dagobert Duck und habe keinen Geldspeicher, um die Not lindern zu k\u00f6nnen. Aber ich werde weiter das tun, was in meiner Macht als Journalist steht: auf die Sorgen der Branche aufmerksam machen.<\/em><br \/>\n<em><br \/>\nHaltet durch und k\u00e4mpft weiter!<\/em><\/p>\n<p>&nbsp;<\/p>\n<p>&nbsp;<\/p>\n<p>&nbsp;<\/p>\n<p><strong><a href=\"https:\/\/www.facebook.com\/werner.lengenfelder\">ZUR FACEBOOK-SEITE VON WERNER G. LENGENFELDER &#8230;:<\/a><\/strong><\/p>\n","protected":false},"excerpt":{"rendered":"<p>smago! kann &#8211; Wort f\u00fcr Wort &#8211; nur unterstreichen und bedankt sich auf das Herzlichste f\u00fcr diesen mutigen Vorsto\u00df &#8230;:<\/p>\n","protected":false},"author":2,"featured_media":151639,"comment_status":"open","ping_status":"closed","sticky":false,"template":"","format":"standard","meta":{"_FSMCFIC_featured_image_caption":"","_FSMCFIC_featured_image_nocaption":"","_FSMCFIC_featured_image_hide":""},"categories":[33],"tags":[60],"acf":[],"_links":{"self":[{"href":"https:\/\/smago.de\/ws2\/wp-json\/wp\/v2\/posts\/151638"}],"collection":[{"href":"https:\/\/smago.de\/ws2\/wp-json\/wp\/v2\/posts"}],"about":[{"href":"https:\/\/smago.de\/ws2\/wp-json\/wp\/v2\/types\/post"}],"author":[{"embeddable":true,"href":"https:\/\/smago.de\/ws2\/wp-json\/wp\/v2\/users\/2"}],"replies":[{"embeddable":true,"href":"https:\/\/smago.de\/ws2\/wp-json\/wp\/v2\/comments?post=151638"}],"version-history":[{"count":2,"href":"https:\/\/smago.de\/ws2\/wp-json\/wp\/v2\/posts\/151638\/revisions"}],"predecessor-version":[{"id":151675,"href":"https:\/\/smago.de\/ws2\/wp-json\/wp\/v2\/posts\/151638\/revisions\/151675"}],"wp:featuredmedia":[{"embeddable":true,"href":"https:\/\/smago.de\/ws2\/wp-json\/wp\/v2\/media\/151639"}],"wp:attachment":[{"href":"https:\/\/smago.de\/ws2\/wp-json\/wp\/v2\/media?parent=151638"}],"wp:term":[{"taxonomy":"category","embeddable":true,"href":"https:\/\/smago.de\/ws2\/wp-json\/wp\/v2\/categories?post=151638"},{"taxonomy":"post_tag","embeddable":true,"href":"https:\/\/smago.de\/ws2\/wp-json\/wp\/v2\/tags?post=151638"}],"curies":[{"name":"wp","href":"https:\/\/api.w.org\/{rel}","templated":true}]}}