{"id":151068,"date":"2020-08-16T16:20:41","date_gmt":"2020-08-16T14:20:41","guid":{"rendered":"https:\/\/online.smago.de\/ws2\/?p=151068"},"modified":"2020-08-16T16:20:54","modified_gmt":"2020-08-16T14:20:54","slug":"patrick-lindner-doppel-cd-ich-feier-die-zeit-das-beste-zum-jubilaeum-mit-3-neuen-songs-ab-25-09-2020-im-handel","status":"publish","type":"post","link":"https:\/\/smago.de\/ws2\/schlager\/patrick-lindner-doppel-cd-ich-feier-die-zeit-das-beste-zum-jubilaeum-mit-3-neuen-songs-ab-25-09-2020-im-handel\/","title":{"rendered":"PATRICK LINDNER <br>Doppel-CD &#8222;Ich feier die Zeit &#8211; Das Beste zum Jubil\u00e4um&#8220; mit 3 neuen Songs ab 25.09.2020 im Handel!"},"content":{"rendered":"<p>Patrick Lindner wird 60!<br \/>\n<!--more--><\/p>\n<p>&nbsp;<\/p>\n<p>&nbsp;<\/p>\n<p style=\"text-align: justify;\">PATRICK LINDNER wird 60! Und mit ihm wird das auch seine erstaunliche Karriere, die an Vielfalt kaum zu \u00fcbertreffen ist, denn was mal in der K\u00fcche begann, entwickelte sich zu einer Jahrzehnte langen Reise durch die deutsche Schlagerkultur: den Beruf Koch lie\u00df Lindner bereits Ende der 80er hinter sich, als sein erster Hit \u201eDie kloane T\u00fcr zum Paradies\u201c seinen Durchbruch markierte und ihm den zweiten Platz beim Grand Prix der Volksmusik bescherte.<\/p>\n<p style=\"text-align: justify;\">Zahlreiche TV-Auftritte, 27 Alben und mehrere Platin- sowie Goldauszechnungen sp\u00e4ter pr\u00e4sentiert er sich damals wie heute mit einem breiten L\u00e4cheln im Gesicht.<\/p>\n<p style=\"text-align: justify;\">Eine positive Ausstrahlung, die ihn zu dem macht, der er ist, und wie wir ihn anders nicht kennen, und die auch sein Jubil\u00e4ums-Album zur Geltung bringt: drei brandneue Titel, sowie seine gr\u00f6\u00dften Hits, geb\u00fcndelt auf 2CDs<\/p>\n<p style=\"text-align: justify;\">\n","protected":false},"excerpt":{"rendered":"<p>Patrick Lindner wird 60!<\/p>\n","protected":false},"author":2,"featured_media":151069,"comment_status":"open","ping_status":"closed","sticky":false,"template":"","format":"standard","meta":{"_FSMCFIC_featured_image_caption":"","_FSMCFIC_featured_image_nocaption":"","_FSMCFIC_featured_image_hide":""},"categories":[29],"tags":[315],"acf":[],"_links":{"self":[{"href":"https:\/\/smago.de\/ws2\/wp-json\/wp\/v2\/posts\/151068"}],"collection":[{"href":"https:\/\/smago.de\/ws2\/wp-json\/wp\/v2\/posts"}],"about":[{"href":"https:\/\/smago.de\/ws2\/wp-json\/wp\/v2\/types\/post"}],"author":[{"embeddable":true,"href":"https:\/\/smago.de\/ws2\/wp-json\/wp\/v2\/users\/2"}],"replies":[{"embeddable":true,"href":"https:\/\/smago.de\/ws2\/wp-json\/wp\/v2\/comments?post=151068"}],"version-history":[{"count":2,"href":"https:\/\/smago.de\/ws2\/wp-json\/wp\/v2\/posts\/151068\/revisions"}],"predecessor-version":[{"id":151071,"href":"https:\/\/smago.de\/ws2\/wp-json\/wp\/v2\/posts\/151068\/revisions\/151071"}],"wp:featuredmedia":[{"embeddable":true,"href":"https:\/\/smago.de\/ws2\/wp-json\/wp\/v2\/media\/151069"}],"wp:attachment":[{"href":"https:\/\/smago.de\/ws2\/wp-json\/wp\/v2\/media?parent=151068"}],"wp:term":[{"taxonomy":"category","embeddable":true,"href":"https:\/\/smago.de\/ws2\/wp-json\/wp\/v2\/categories?post=151068"},{"taxonomy":"post_tag","embeddable":true,"href":"https:\/\/smago.de\/ws2\/wp-json\/wp\/v2\/tags?post=151068"}],"curies":[{"name":"wp","href":"https:\/\/api.w.org\/{rel}","templated":true}]}}