{"id":150993,"date":"2020-08-15T00:00:29","date_gmt":"2020-08-14T22:00:29","guid":{"rendered":"https:\/\/online.smago.de\/ws2\/?p=150993"},"modified":"2020-08-14T23:57:19","modified_gmt":"2020-08-14T21:57:19","slug":"blaeck-foeoess-heute-nacht-15-16-08-2020-wdr-fernsehen-nackte-zeiten-die-blaeck-foeoess-story","status":"publish","type":"post","link":"https:\/\/smago.de\/ws2\/schlager\/blaeck-foeoess-heute-nacht-15-16-08-2020-wdr-fernsehen-nackte-zeiten-die-blaeck-foeoess-story\/","title":{"rendered":"BL\u00c4CK F\u00d6\u00d6SS <br>Heute Nacht (15.\/16.08.2020), WDR Fernsehen: &#8222;Nackte Zeiten &#8211; Die Bl\u00e4ck F\u00f6\u00f6ss Story&#8220;!"},"content":{"rendered":"<p>Ein Film von Gisbert Baltes und Lothar Schr\u00f6der \/\/ 00:00 Uhr &#8211; 01:00 Uhr!<br \/>\n<!--more--><\/p>\n<p>&nbsp;<\/p>\n<p>&nbsp;<\/p>\n<p style=\"text-align: justify;\">Sie wollten in den 60ern internationale Popstars werden. Doch bislang hatte das Leben f\u00fcr sie Karrieren \u00e0 la Finanzbeamter, Verwaltungsangestellter oder Schornsteinfeger vorgesehen. Die Midlifecrisis war absehbar.<\/p>\n<p style=\"text-align: justify;\">Mit schlechtem Gewissen sangen die Rockbarden gelegentlich in spie\u00dfigen Festzelten auf K\u00f6lsch. Aber mit diesen Liedern entdeckte sie Graham Bonney und schleppte sie zur EMI. Ihr erster Plattenvertrag und der Rievkooche-Walzer \u00f6ffneten ihnen die gro\u00dfen Karnevalss\u00e4le &#8211; zum Entsetzen der steifen Gesellschaft, die sich darin befand. Lange Haare, nackte F\u00fc\u00dfe, nackte Zeiten. Jeans und E-Gitarren passten nicht zur bierernsten Fr\u00f6hlichkeit, aber die F\u00f6\u00f6ss setzten sich durch.<\/p>\n<p style=\"text-align: justify;\">Das Bekenntnis zur k\u00f6lschen Mundart, zum K\u00f6lner Lebensgef\u00fchl hat sie zu einem Markenzeichen und sicher auch Werbetr\u00e4ger der Stadt im ganzen Land gemacht. Sie haben letztlich eine fast schon zerfallene K\u00f6lner Stadtgemeinschaft mit neuem Gedankengut und frischen Elementen aus der Jugendkultur wiederbelebt. Konsequent setzen sie sich bis heute f\u00fcr den Erhalt der k\u00f6lschen Sprache ein.<\/p>\n<p style=\"text-align: justify;\">Die Zeitreise durch 40 Jahre mit den Bl\u00e4ck F\u00f6\u00f6ss zeigt auch die politische Gruppe. Sei es der gemeinsame Besuch mit Edelwei\u00dfpiraten an K\u00f6lner Folterst\u00e4tten des Nationalsozialismus, Spontankonzerte gegen den Golfkrieg, mit Nelson Mandela und zur Mauer\u00f6ffnung in Berlin. Sie spielen nicht f\u00fcr die h\u00f6here Gage, sondern f\u00fcr das, was ihnen wichtig ist.<\/p>\n<p style=\"text-align: justify;\">Die Kamera begleitet sie bis nach Mallorca, wo sich drei F\u00f6\u00f6ss zum Kreativworkshop zur\u00fcckziehen. Nach 40 Jahren sind neue Ideen nicht einfacher. Aber auch privat lernt man die Bandmitglieder kennen: Bei ihren Lieblingsaktivit\u00e4ten geben sie Einblicke in das Leben jenseits der gro\u00dfen B\u00fchnen.<\/p>\n<p style=\"text-align: justify;\">Weggef\u00e4hrten erz\u00e4hlen die Geschichte von der anderen Seite. King Size Dick (F\u00f6\u00f6ss-Fahrer), Graham Bonney (Entdecker), Jean P\u00fctz (F\u00f6rderer), Hans Knipp (Songschreiber), etc.<\/p>\n<p style=\"text-align: justify;\">40 Jahre Bl\u00e4ck F\u00f6\u00f6ss. Eine einmalige Dokumentation \u00fcber eine einmalige Band.<\/p>\n<p style=\"text-align: justify;\">\n","protected":false},"excerpt":{"rendered":"<p>Ein Film von Gisbert Baltes und Lothar Schr\u00f6der \/\/ 00:00 Uhr &#8211; 01:00 Uhr!<\/p>\n","protected":false},"author":2,"featured_media":150994,"comment_status":"open","ping_status":"closed","sticky":false,"template":"","format":"standard","meta":{"_FSMCFIC_featured_image_caption":"","_FSMCFIC_featured_image_nocaption":"","_FSMCFIC_featured_image_hide":""},"categories":[29],"tags":[1057],"acf":[],"_links":{"self":[{"href":"https:\/\/smago.de\/ws2\/wp-json\/wp\/v2\/posts\/150993"}],"collection":[{"href":"https:\/\/smago.de\/ws2\/wp-json\/wp\/v2\/posts"}],"about":[{"href":"https:\/\/smago.de\/ws2\/wp-json\/wp\/v2\/types\/post"}],"author":[{"embeddable":true,"href":"https:\/\/smago.de\/ws2\/wp-json\/wp\/v2\/users\/2"}],"replies":[{"embeddable":true,"href":"https:\/\/smago.de\/ws2\/wp-json\/wp\/v2\/comments?post=150993"}],"version-history":[{"count":2,"href":"https:\/\/smago.de\/ws2\/wp-json\/wp\/v2\/posts\/150993\/revisions"}],"predecessor-version":[{"id":150996,"href":"https:\/\/smago.de\/ws2\/wp-json\/wp\/v2\/posts\/150993\/revisions\/150996"}],"wp:featuredmedia":[{"embeddable":true,"href":"https:\/\/smago.de\/ws2\/wp-json\/wp\/v2\/media\/150994"}],"wp:attachment":[{"href":"https:\/\/smago.de\/ws2\/wp-json\/wp\/v2\/media?parent=150993"}],"wp:term":[{"taxonomy":"category","embeddable":true,"href":"https:\/\/smago.de\/ws2\/wp-json\/wp\/v2\/categories?post=150993"},{"taxonomy":"post_tag","embeddable":true,"href":"https:\/\/smago.de\/ws2\/wp-json\/wp\/v2\/tags?post=150993"}],"curies":[{"name":"wp","href":"https:\/\/api.w.org\/{rel}","templated":true}]}}