{"id":150892,"date":"2020-08-15T00:00:27","date_gmt":"2020-08-14T22:00:27","guid":{"rendered":"https:\/\/online.smago.de\/ws2\/?p=150892"},"modified":"2020-08-14T23:53:59","modified_gmt":"2020-08-14T21:53:59","slug":"ina-mueller-und-gaeste-heute-nacht-15-16-08-2020-das-erste-ard-inas-nacht","status":"publish","type":"post","link":"https:\/\/smago.de\/ws2\/pop-schlager\/ina-mueller-und-gaeste-heute-nacht-15-16-08-2020-das-erste-ard-inas-nacht\/","title":{"rendered":"INA M\u00dcLLER und G\u00e4ste <br>Heute Nacht (15.\/16.08.2020), Das Erste \/ ARD: &#8222;Inas Nacht&#8220;!"},"content":{"rendered":"<p>&#8222;Late-Night-Show mit der Entertainerin, S\u00e4ngerin und Moderatorin Ina M\u00fcller und nach M\u00fcllerin Art: Talk, Comedy und viel, viel Musik in der Hamburger Kneipe &#8218;Zum Schellfischposten'&#8220; \/\/ 23:45 Uhr &#8211; 00:45 Uhr!<br \/>\n<!--more--><\/p>\n<p>&nbsp;<\/p>\n<p style=\"text-align: justify;\">\n<p style=\"text-align: justify;\">Erster Gast dieses Abends ist die Schauspielerin Lisa Maria Potthoff. Sie erz\u00e4hlt, wie sie ihre harten Filmdrehs meist ohne Stuntfrau absolviert \u2013 und von ihrem h\u00e4rtesten Einsatz \u00fcberhaupt: der sehr ungew\u00f6hnlich verlaufenen Geburt ihres zweites Kindes.<\/p>\n<p style=\"text-align: justify;\">Zum Gespr\u00e4ch hinzu kommt der TV-Journalist Jenke von Wilmsdorff. Ihn befragt Ina M\u00fcller zu seinen ungew\u00f6hnlichen TV-Experimenten und dazu, wie angebliche R\u00fcckf\u00fchrungen in fr\u00fchere Leben genau funktionieren.<\/p>\n<p style=\"text-align: justify;\">Erster Musikgast ist der niederl\u00e4ndische S\u00e4nger Remme, der als eines der gr\u00f6\u00dften Talente der jungen Songwriter-Szene gilt.<\/p>\n<p style=\"text-align: justify;\">Au\u00dferdem ist die Band \u201eJeremias\u201c aus Hannover zu Gast. Mit ihrem oft an 80er Jahre Sounds angelehnten Pop feiert \u201eJeremias\u201c erste Erfolge.<\/p>\n<p style=\"text-align: justify;\">Wie immer also volles Programm bei \u201eInas Nacht\u201c.<\/p>\n<p style=\"text-align: justify;\">\n<p style=\"text-align: justify;\">\n<p style=\"text-align: justify;\"><strong>Redaktion:<\/strong> Ulrike Eigel<\/p>\n","protected":false},"excerpt":{"rendered":"<p>&#8222;Late-Night-Show mit der Entertainerin, S\u00e4ngerin und Moderatorin Ina M\u00fcller und nach M\u00fcllerin Art: Talk, Comedy und viel, viel Musik in<\/p>\n","protected":false},"author":2,"featured_media":150991,"comment_status":"open","ping_status":"closed","sticky":false,"template":"","format":"standard","meta":{"_FSMCFIC_featured_image_caption":"","_FSMCFIC_featured_image_nocaption":"","_FSMCFIC_featured_image_hide":""},"categories":[28,128],"tags":[327],"acf":[],"_links":{"self":[{"href":"https:\/\/smago.de\/ws2\/wp-json\/wp\/v2\/posts\/150892"}],"collection":[{"href":"https:\/\/smago.de\/ws2\/wp-json\/wp\/v2\/posts"}],"about":[{"href":"https:\/\/smago.de\/ws2\/wp-json\/wp\/v2\/types\/post"}],"author":[{"embeddable":true,"href":"https:\/\/smago.de\/ws2\/wp-json\/wp\/v2\/users\/2"}],"replies":[{"embeddable":true,"href":"https:\/\/smago.de\/ws2\/wp-json\/wp\/v2\/comments?post=150892"}],"version-history":[{"count":1,"href":"https:\/\/smago.de\/ws2\/wp-json\/wp\/v2\/posts\/150892\/revisions"}],"predecessor-version":[{"id":150992,"href":"https:\/\/smago.de\/ws2\/wp-json\/wp\/v2\/posts\/150892\/revisions\/150992"}],"wp:featuredmedia":[{"embeddable":true,"href":"https:\/\/smago.de\/ws2\/wp-json\/wp\/v2\/media\/150991"}],"wp:attachment":[{"href":"https:\/\/smago.de\/ws2\/wp-json\/wp\/v2\/media?parent=150892"}],"wp:term":[{"taxonomy":"category","embeddable":true,"href":"https:\/\/smago.de\/ws2\/wp-json\/wp\/v2\/categories?post=150892"},{"taxonomy":"post_tag","embeddable":true,"href":"https:\/\/smago.de\/ws2\/wp-json\/wp\/v2\/tags?post=150892"}],"curies":[{"name":"wp","href":"https:\/\/api.w.org\/{rel}","templated":true}]}}