{"id":150751,"date":"2020-08-12T12:41:24","date_gmt":"2020-08-12T10:41:24","guid":{"rendered":"https:\/\/online.smago.de\/ws2\/?p=150751"},"modified":"2020-08-12T12:41:24","modified_gmt":"2020-08-12T10:41:24","slug":"smago-informiert-niels-megens-jetzt-exklusiv-in-der-lucile-meisel-gruppe","status":"publish","type":"post","link":"https:\/\/smago.de\/ws2\/pop-schlager\/smago-informiert-niels-megens-jetzt-exklusiv-in-der-lucile-meisel-gruppe\/","title":{"rendered":"smago! INFORMIERT <br>Niels Megens jetzt exklusiv in der LUCILE-MEISEL Gruppe!"},"content":{"rendered":"<p>Niels Megens ist bei vielversprechenden Projekten der TELAMO aktiv und seit Jahren als Songwriter f\u00fcr Produktionen des M\u00fcnchner Labels etabliert!<br \/>\n<!--more--><\/p>\n<p>&nbsp;<\/p>\n<p>&nbsp;<\/p>\n<p style=\"text-align: justify;\">Niels Megens vereinbart eine langfristige exklusive Zusammenarbeit mit der LUCILE-MEISEL Gruppe. Der Utrechter Autor ist seit Jahren ein Kreativkopf in der Karriere von Eloy de Jong. Bereits seit dem Comeback von \u201eCaught in the Act\u201c begleitet er Eloy de Jong als Autor. Auch beim Deb\u00fct-Soloalbum \u201eKopf aus \u2013 Herz an\u201c waren Titel aus der Feder von Niels Megens dabei. Das Album ist inzwischen eine Legende: Platz 1 und Platin-Auszeichnung.<\/p>\n<p>Auch beim neuen Album \u201eAuf das Leben &#8211; fertig \u2013 los!\u201c, welches am 14.08.2020 in diversen Konfigurationen erscheint, schrieb Niels Megens mehrere Titel und unterst\u00fctzte sowohl als Autor als auch als Designgeber des neuen Artworks die gesamte Produktion. Doch das ist erst der Anfang, so wird Niels Megens bei zahlreichen neuen Ver\u00f6ffentlichungen dabei sein.<\/p>\n<p>Chris Gronau, A+R TELAMO \/ LUCILE MEISEL Gruppe: \u201eWir freuen uns, dass wir mit Niels Megens einen international erfahrenen Songwriter und Produzenten f\u00fcr uns gewinnen konnten. Mit viel Einf\u00fchlungsverm\u00f6gen f\u00fcr die K\u00fcnstler und seinem gro\u00dfen Erfahrungsschatz hat er die kreativen Abl\u00e4ufe in allen Bereichen der Album- Produktion positiv beeinflusst\u201c.<\/p>\n<p>Niels Megens \u201eIch bin noch nicht so lange auf dem deutschen Musikmarkt aktiv. Umso mehr freue ich mich auf die Kooperation mit der LUCILE MEISEL Gruppe, die mit ihrem gro\u00dfen Netzwerk mir die M\u00f6glichkeit er\u00f6ffnet, mit den besten Textern der Branche zusammenzuarbeiten. Dies gibt mir das Vertrauen, dass ich gemeinsam mit dem erfolgreichen Verlags-Team in Berlin sowohl als Songwriter als auch als Produzent in Deutschland erfolgreich sein kann.\u201c<\/p>\n<p>Niels Megens ist bei vielversprechenden Projekten der TELAMO aktiv und seit Jahren als Songwriter f\u00fcr Produktionen des M\u00fcnchner Labels etabliert.<\/p>\n","protected":false},"excerpt":{"rendered":"<p>Niels Megens ist bei vielversprechenden Projekten der TELAMO aktiv und seit Jahren als Songwriter f\u00fcr Produktionen des M\u00fcnchner Labels etabliert!<\/p>\n","protected":false},"author":2,"featured_media":150752,"comment_status":"open","ping_status":"closed","sticky":false,"template":"","format":"standard","meta":{"_FSMCFIC_featured_image_caption":"","_FSMCFIC_featured_image_nocaption":"","_FSMCFIC_featured_image_hide":""},"categories":[28],"tags":[60],"acf":[],"_links":{"self":[{"href":"https:\/\/smago.de\/ws2\/wp-json\/wp\/v2\/posts\/150751"}],"collection":[{"href":"https:\/\/smago.de\/ws2\/wp-json\/wp\/v2\/posts"}],"about":[{"href":"https:\/\/smago.de\/ws2\/wp-json\/wp\/v2\/types\/post"}],"author":[{"embeddable":true,"href":"https:\/\/smago.de\/ws2\/wp-json\/wp\/v2\/users\/2"}],"replies":[{"embeddable":true,"href":"https:\/\/smago.de\/ws2\/wp-json\/wp\/v2\/comments?post=150751"}],"version-history":[{"count":1,"href":"https:\/\/smago.de\/ws2\/wp-json\/wp\/v2\/posts\/150751\/revisions"}],"predecessor-version":[{"id":150753,"href":"https:\/\/smago.de\/ws2\/wp-json\/wp\/v2\/posts\/150751\/revisions\/150753"}],"wp:featuredmedia":[{"embeddable":true,"href":"https:\/\/smago.de\/ws2\/wp-json\/wp\/v2\/media\/150752"}],"wp:attachment":[{"href":"https:\/\/smago.de\/ws2\/wp-json\/wp\/v2\/media?parent=150751"}],"wp:term":[{"taxonomy":"category","embeddable":true,"href":"https:\/\/smago.de\/ws2\/wp-json\/wp\/v2\/categories?post=150751"},{"taxonomy":"post_tag","embeddable":true,"href":"https:\/\/smago.de\/ws2\/wp-json\/wp\/v2\/tags?post=150751"}],"curies":[{"name":"wp","href":"https:\/\/api.w.org\/{rel}","templated":true}]}}