{"id":150735,"date":"2020-08-14T00:00:56","date_gmt":"2020-08-13T22:00:56","guid":{"rendered":"https:\/\/online.smago.de\/ws2\/?p=150735"},"modified":"2020-08-13T23:04:57","modified_gmt":"2020-08-13T21:04:57","slug":"bloeck-foeoess-u-a-heute-14-08-2020-in-der-talk-show-koelner-treff-zu-gast","status":"publish","type":"post","link":"https:\/\/smago.de\/ws2\/uncategorized\/bloeck-foeoess-u-a-heute-14-08-2020-in-der-talk-show-koelner-treff-zu-gast\/","title":{"rendered":"BL\u00c4CK F\u00d6\u00d6SS u.a. <br>Heute (14.08.2020) in der Talk-Show &#8222;K\u00f6lner Treff&#8220; zu Gast!"},"content":{"rendered":"<p style=\"text-align: justify;\">22:00 Uhr &#8211; 23:30 Uhr (Wh.: 16.08., 10:25 Uhr &#8211; 11:55 Uhr)! Moderation: Bettina B\u00f6ttinger!<br \/>\n<!--more--><\/p>\n<p>&nbsp;<\/p>\n<p>&nbsp;<\/p>\n<p>&nbsp;<\/p>\n<p style=\"text-align: justify;\">Heute begr\u00fc\u00dft Bettina B\u00f6ttinger folgende G\u00e4ste &#8230;:<\/p>\n<p>&nbsp;<\/p>\n<p>&nbsp;<\/p>\n<p>&nbsp;<\/p>\n<p><strong>&#8211; Bl\u00e4ck F\u00f6\u00f6ss<\/strong><\/p>\n<p>&nbsp;<\/p>\n<p style=\"text-align: justify;\">Mit dem &#8222;Rievkooche-Walzer&#8220; &#8211; hochdeutsch &#8222;Reibekuchenwalzer&#8220; &#8211; begann 1970 die Erfolgsgeschichte der Bl\u00e4ck F\u00f6\u00f6ss. Lange Haare, E-Gitarre und nackte F\u00fc\u00dfe sorgten damals f\u00fcr Stirnrunzeln &#8211; nicht nur in der konservativen K\u00f6lner Karnevalsgesellschaft. Heute, 50 Jahre sp\u00e4ter, sind die Bl\u00e4ck F\u00f6\u00f6ss zu einem Markenzeichen und zu einer musikalischen Institution weit \u00fcber die Grenzen K\u00f6lns hinaus geworden. Seit einem halben Jahrhundert begeistert die Band in unterschiedlicher Besetzung mit einf\u00fchlsamen und kritischen Texten. Die Fangemeinde umfasst dabei alle Generationen. Egal ob im Kindergarten oder im Seniorenheim, die Lieder der Bl\u00e4ck F\u00f6\u00f6ss kennt nicht nur im Rheinland wohl jeder.<\/p>\n<p>&nbsp;<\/p>\n<p>&nbsp;<\/p>\n<p>&nbsp;<\/p>\n<p>&nbsp;<\/p>\n<p style=\"text-align: justify;\"><strong>&#8211; Karl Lauterbach<\/strong><\/p>\n<p>&nbsp;<\/p>\n<p style=\"text-align: justify;\">Seit Beginn der Corona-Pandemie z\u00e4hlt der SPD-Gesundheitsexperte Prof. Dr. Karl Lauterbach zu den gefragtesten G\u00e4sten in \u00f6ffentlich-rechtlichen Polit-Talkshows. Als Mediziner und Epidemiologe der Universit\u00e4t zu K\u00f6ln bringt er &#8211; neben seiner polarisierenden Art &#8211; aber auch einiges an Fachwissen mit. Anders als bei seinen Auftritten im Polit-Talk, wird der geb\u00fcrtige D\u00fcrener im &#8222;K\u00f6lner Treff&#8220; neben seiner Einsch\u00e4tzung zur aktuellen Corona-Lage auch einen Einblick in sein Leben neben Corona geben und u.a. verraten, warum es seine Schwester w\u00e4hrend der Kindheit und Jugend alles andere als leicht mit ihm als Bruder hatte&#8230;<\/p>\n<p>&nbsp;<\/p>\n<p>&nbsp;<\/p>\n<p>&nbsp;<\/p>\n<p style=\"text-align: justify;\"><strong>&#8211; Minh-Khai Phan-Thi<\/strong><\/p>\n<p>&nbsp;<\/p>\n<p style=\"text-align: justify;\">Von der Moderatorin des Musiksenders VIVA avancierte sie zur beliebten Schauspielerin, gl\u00e4nzte als Kommissarin u.a. in der &#8222;Nachtschicht&#8220;. Ihre vietnamesischen Wurzeln verlor sie, obwohl in Hessen geboren und inzwischen mit Mann und zwei S\u00f6hnen in Berlin lebend, nie aus den Augen: Sie nutzte ihre beruflichen M\u00f6glichkeiten, drehte einen Dokumentarfilm \u00fcber Vietnam und ver\u00f6ffentlichte sp\u00e4ter ein Buch dar\u00fcber. Wie ein roter Faden zieht sich die Verbundenheit mit Menschen, deren Wurzeln nicht in Deutschland liegen, durch ihr Leben. Seit Juli dieses Jahres gibt sie diesen Menschen eine Stimme und den Raum, ihre ganz pers\u00f6nliche Geschichte zu erz\u00e4hlen.<\/p>\n<p>&nbsp;<\/p>\n<p>&nbsp;<\/p>\n<p>&nbsp;<\/p>\n<p>&nbsp;<\/p>\n<p><strong>&#8211; Elisabeth Raether<\/strong><\/p>\n<p>&nbsp;<\/p>\n<p style=\"text-align: justify;\">Ihre Wochenmarkt-Kolumne im ZEIT-Magazin ist Kult. Denn die Leiterin des ZEIT-Politikressorts kann nicht nur schreiben, sondern auch kochen! Daf\u00fcr ersinnt sie Rezepte, die man auch als Laie nachkochen kann. Sie erinnert uns daran, dass es f\u00fcr jede Lebenslage passende Gerichte und entsprechende Getr\u00e4nke gibt: Zum Beispiel Schmorhuhn gegen Depressionen, Rezepte f\u00fcr den \u00fcberraschenden Besuch der Schwiegereltern, oder Ap\u00e9ros f\u00fcr die Nerven. Die lebensfrohe Kolumnistin stellt fest: &#8222;Weintrinken sollte einem nie peinlich sein.&#8220;<\/p>\n<p>&nbsp;<\/p>\n<p>&nbsp;<\/p>\n<p>&nbsp;<\/p>\n<p style=\"text-align: justify;\"><strong>&#8211; Janis McDavid<\/strong><\/p>\n<p>&nbsp;<\/p>\n<p style=\"text-align: justify;\">Dass er ohne Arme und Beine geboren wurde, davon hat sich Janis McDavid nie aufhalten lassen. Der mehrfach ausgezeichnete Motivationsredner, der sowohl vor Jugendlichen als auch vor DAX-Vorst\u00e4nden auftritt, liebt Grenzerfahrungen. &#8222;Mich fasziniert es unheimlich, immer wieder ins kalte Wasser zu springen.&#8220; So hat er mit Freunden eine Tour durch die peruanischen Anden gemacht, in Indonesien stand er am Kraterrand eines aktiven Vulkans und den Kilimandscharo will er unbedingt auch noch besteigen. Bald gibt Janis sogar auf dem Hockenheimring Vollgas. Sich selbst zu akzeptieren, das war f\u00fcr den Bochumer jahrelang die gr\u00f6\u00dfte Herausforderung.<\/p>\n<p>&nbsp;<\/p>\n<p>&nbsp;<\/p>\n<p>&nbsp;<\/p>\n<p><strong>&#8211; Anne Rixmann<\/strong><\/p>\n<p>&nbsp;<\/p>\n<p style=\"text-align: justify;\">Beim K\u00f6lner Karneval unterh\u00e4lt Anne Rixmann die Zuschauer seit 1996 als Ensemblemitglied der ber\u00fchmten &#8222;Stunksitzung&#8220;. Zuhause f\u00fchlt sie sich aber nicht nur auf der B\u00fchne, sondern auch in ihrem idyllischen Garten. Ihren Schrebergarten in K\u00f6ln verwandelte sie in den vergangenen Jahren in eine wundersch\u00f6ne Oase. Sie verr\u00e4t uns, was sie durch die Gartenarbeit f\u00fcrs Leben gelernt hat und wie wir zu dieser warmen Jahreszeit mit unseren Gr\u00fcnfl\u00e4chen besser umgehen k\u00f6nnen. Wenn es Corona nicht g\u00e4be, w\u00e4re sie jetzt mitten in der Planung f\u00fcr die f\u00fcnfte Jahreszeit. Bei uns wird sie berichten, wie es um die karnevalistischen Pl\u00e4ne steht.<\/p>\n","protected":false},"excerpt":{"rendered":"<p>22:00 Uhr &#8211; 23:30 Uhr (Wh.: 16.08., 10:25 Uhr &#8211; 11:55 Uhr)! Moderation: Bettina B\u00f6ttinger!<\/p>\n","protected":false},"author":2,"featured_media":150736,"comment_status":"open","ping_status":"closed","sticky":false,"template":"","format":"standard","meta":{"_FSMCFIC_featured_image_caption":"","_FSMCFIC_featured_image_nocaption":"","_FSMCFIC_featured_image_hide":""},"categories":[1],"tags":[1057],"acf":[],"_links":{"self":[{"href":"https:\/\/smago.de\/ws2\/wp-json\/wp\/v2\/posts\/150735"}],"collection":[{"href":"https:\/\/smago.de\/ws2\/wp-json\/wp\/v2\/posts"}],"about":[{"href":"https:\/\/smago.de\/ws2\/wp-json\/wp\/v2\/types\/post"}],"author":[{"embeddable":true,"href":"https:\/\/smago.de\/ws2\/wp-json\/wp\/v2\/users\/2"}],"replies":[{"embeddable":true,"href":"https:\/\/smago.de\/ws2\/wp-json\/wp\/v2\/comments?post=150735"}],"version-history":[{"count":3,"href":"https:\/\/smago.de\/ws2\/wp-json\/wp\/v2\/posts\/150735\/revisions"}],"predecessor-version":[{"id":150846,"href":"https:\/\/smago.de\/ws2\/wp-json\/wp\/v2\/posts\/150735\/revisions\/150846"}],"wp:featuredmedia":[{"embeddable":true,"href":"https:\/\/smago.de\/ws2\/wp-json\/wp\/v2\/media\/150736"}],"wp:attachment":[{"href":"https:\/\/smago.de\/ws2\/wp-json\/wp\/v2\/media?parent=150735"}],"wp:term":[{"taxonomy":"category","embeddable":true,"href":"https:\/\/smago.de\/ws2\/wp-json\/wp\/v2\/categories?post=150735"},{"taxonomy":"post_tag","embeddable":true,"href":"https:\/\/smago.de\/ws2\/wp-json\/wp\/v2\/tags?post=150735"}],"curies":[{"name":"wp","href":"https:\/\/api.w.org\/{rel}","templated":true}]}}