{"id":150635,"date":"2020-08-08T00:00:35","date_gmt":"2020-08-07T22:00:35","guid":{"rendered":"https:\/\/online.smago.de\/ws2\/?p=150635"},"modified":"2020-08-07T23:43:17","modified_gmt":"2020-08-07T21:43:17","slug":"stimmen-der-berge-ihre-cd-sing-mit-die-grosse-kultschlager-party-vol-1-hat-es-in-die-offiziellen-deutschen-charts-geschafft","status":"publish","type":"post","link":"https:\/\/smago.de\/ws2\/schlager\/stimmen-der-berge-ihre-cd-sing-mit-die-grosse-kultschlager-party-vol-1-hat-es-in-die-offiziellen-deutschen-charts-geschafft\/","title":{"rendered":"STIMMEN DER BERGE <br>Ihre CD &#8222;Sing mit! Die gro\u00dfe Kultschlager Party &#8211; Vol. 1&#8220; hat es in die Offiziellen Deutschen Charts geschafft!"},"content":{"rendered":"<p style=\"text-align: justify;\">Und das ganz ohne Shop24 &amp; Co.!<br \/>\n<!--more--><\/p>\n<p>&nbsp;<\/p>\n<p>&nbsp;<\/p>\n<p style=\"text-align: justify;\">Die STIMMEN DER BERGE haben es &#8211; und diesmal ganz ohne Shop24Direct &amp; Co. &#8211; in die Offiziellen Deutschen Album Charts geschafft.<\/p>\n<p style=\"text-align: justify;\">Ihre CD &#8222;Sing mit! Die gro\u00dfe Kultschlager Party &#8211; Vol. 1&#8220; konnte sich aus dem Stand auf Rang 95 platzieren.<\/p>\n<p style=\"text-align: justify;\">Damit nicht genug: Die Stimmen der Berge erhalten \u00fcberdies Einzug in die Offiziellen Deutschen Schlager Charts. Hier konnten sie sich auf Position 19 platzieren.<\/p>\n<p style=\"text-align: justify;\">&#8222;Sing mit! Die gro\u00dfe Kultschlager Party &#8211; Vol. 1&#8220; ist somit das f\u00fcnfte Stimmen der Berge Album innerhalb von f\u00fcnf Jahren, das es in die Offiziellen Deutschen Album Charts geschafft hat.<\/p>\n<p style=\"text-align: justify;\">Und so darf man die Stimmen der Berge getrost zu den erfolgreichsten Gruppen der letzten f\u00fcnf Jahre z\u00e4hlen.<\/p>\n<p>Am Sonntagvormittag (09.08.2020) sind die Stimmen der Berge in der Sendung &#8222;Immer wieder sonntags&#8220; zu Gast (Das Erste \/ ARD, 10:03 Uhr &#8211; 12:00 Uhr).<\/p>\n","protected":false},"excerpt":{"rendered":"<p>Und das ganz ohne Shop24 &amp; Co.!<\/p>\n","protected":false},"author":2,"featured_media":143932,"comment_status":"open","ping_status":"closed","sticky":false,"template":"","format":"standard","meta":{"_FSMCFIC_featured_image_caption":"","_FSMCFIC_featured_image_nocaption":"","_FSMCFIC_featured_image_hide":""},"categories":[29],"tags":[613],"acf":[],"_links":{"self":[{"href":"https:\/\/smago.de\/ws2\/wp-json\/wp\/v2\/posts\/150635"}],"collection":[{"href":"https:\/\/smago.de\/ws2\/wp-json\/wp\/v2\/posts"}],"about":[{"href":"https:\/\/smago.de\/ws2\/wp-json\/wp\/v2\/types\/post"}],"author":[{"embeddable":true,"href":"https:\/\/smago.de\/ws2\/wp-json\/wp\/v2\/users\/2"}],"replies":[{"embeddable":true,"href":"https:\/\/smago.de\/ws2\/wp-json\/wp\/v2\/comments?post=150635"}],"version-history":[{"count":2,"href":"https:\/\/smago.de\/ws2\/wp-json\/wp\/v2\/posts\/150635\/revisions"}],"predecessor-version":[{"id":150637,"href":"https:\/\/smago.de\/ws2\/wp-json\/wp\/v2\/posts\/150635\/revisions\/150637"}],"wp:featuredmedia":[{"embeddable":true,"href":"https:\/\/smago.de\/ws2\/wp-json\/wp\/v2\/media\/143932"}],"wp:attachment":[{"href":"https:\/\/smago.de\/ws2\/wp-json\/wp\/v2\/media?parent=150635"}],"wp:term":[{"taxonomy":"category","embeddable":true,"href":"https:\/\/smago.de\/ws2\/wp-json\/wp\/v2\/categories?post=150635"},{"taxonomy":"post_tag","embeddable":true,"href":"https:\/\/smago.de\/ws2\/wp-json\/wp\/v2\/tags?post=150635"}],"curies":[{"name":"wp","href":"https:\/\/api.w.org\/{rel}","templated":true}]}}