{"id":150410,"date":"2020-08-03T23:59:31","date_gmt":"2020-08-03T21:59:31","guid":{"rendered":"https:\/\/online.smago.de\/ws2\/?p=150410"},"modified":"2020-08-03T22:54:12","modified_gmt":"2020-08-03T20:54:12","slug":"kathy-kelly-interview-mit-promi-big-brother-bewohnerin-kathy-kelly","status":"publish","type":"post","link":"https:\/\/smago.de\/ws2\/schlager\/kathy-kelly-interview-mit-promi-big-brother-bewohnerin-kathy-kelly\/","title":{"rendered":"KATHY KELLY <br>Interview mit \u201ePromi Big Brother\u201c-Bewohnerin Kathy Kelly:"},"content":{"rendered":"<p><em>\u201eIch mische mich meist nie direkt in einen Konflikt ein!\u201c<\/em>!<br \/>\n<!--more--><\/p>\n<p>&nbsp;<\/p>\n<p>&nbsp;<\/p>\n<p style=\"text-align: justify;\">KATHY KELLY ist das dritt\u00e4lteste Kind der Kelly Family. Bereits mit neun Jahren lernt die Powerfrau Geige und Klavier zu spielen. Durch den fr\u00fchen Tod der Mutter \u00fcbernimmt die 57-J\u00e4hrige die Erziehung ihrer j\u00fcngeren Geschwister. Als 16-J\u00e4hrige studiert sie Geige, nimmt Ballettunterricht und wird zur Primaballerina. Als sie 20 Jahre alt ist beginnt die Erfolgsgeschichte von \u201eThe Kelly Family\u201c, die sie auch nach dem Comeback 2016 als Produzentin und musikalischer Kopf der Familie wesentlich beeinflusst. Das von ihr produzierte Album \u201eOver The Hump\u201c ist die meistverkaufte Platte aller Zeiten in Deutschland. Mit 29 Jahren bekommt die \u201eMutter der Kellys\u201c ihren Sohn Sean.<\/p>\n<p style=\"text-align: justify;\">1999 startet sie ihre Solokarriere und feiert seitdem als \u201eGrande Dame of Gospel and Folk\u201c gro\u00dfe Erfolge.<\/p>\n<p>Ob das Leben in einer Gro\u00dffamilie f\u00fcr Kathys Zeit bei \u201ePromi Big Brother\u201c hilfreich sein kann?<\/p>\n<p>&nbsp;<\/p>\n<p>&nbsp;<\/p>\n<p>&nbsp;<\/p>\n<p>&nbsp;<\/p>\n<div class=\"page\" style=\"text-align: justify;\" title=\"Page 1\">\n<div class=\"layoutArea\">\n<div class=\"column\">\n<p><strong>Warum machst Du bei \u201ePromi Big Brother\u201c mit?<\/strong><\/p>\n<p>Ich mache vor allem mit, weil ich die Sendung so mag. Ich habe \u201ePromi Big Brother\u201c in den Vorjahren immer geguckt. Ich finde das ist einfach ein sehr spannendes Format. Seit sieben Jahren denke ich schon dar\u00fcber nach mitzumachen. Ich selber habe ja so was wie \u201eBig Brother\u201c viele Jahre lang im echten Leben gelebt und jetzt fasziniert es mich, dass ich mitmachen kann. Und gerade in Zeiten von Corona passt es auch perfekt f\u00fcr mich. Meine Konzerte sind im April und Mai ausgefallen, alles ist auf das n\u00e4chste Jahr verlegt \u2013 ich habe also Zeit daf\u00fcr.<\/p>\n<\/div>\n<\/div>\n<\/div>\n<div class=\"page\" style=\"text-align: justify;\" title=\"Page 2\">\n<div class=\"layoutArea\">\n<div class=\"column\">\n<p><strong>Was wird die gr\u00f6\u00dfte Herausforderung f\u00fcr Dich?<\/strong><\/p>\n<p>Bei meiner ersten Realityshow \u201eDie Alm\u201c dachte ich, es w\u00e4ren die Kameras. Aber jetzt wei\u00df ich, dass es eher die Menschen sind. Das Spannende ist ja, dass man \u00fcberhaupt nicht wei\u00df, was und wer einen da erwartet. Stimmt die Chemie, kommt man miteinander klar oder nicht? Und dann schlafen wir auch noch alle in einem Zimmer. Ich habe Angst, dass ich schnarche und die anderen nicht schlafen lasse. Wenn es nicht genug zu essen gibt, damit habe ich kein Problem. Ich habe schon \u00f6fter Heilfasten gemacht. Wenn es aber zu wenig Schlaf gibt, da mache ich mir schon meine Gedanken.<\/p>\n<p><strong>In welcher Situation w\u00e4rst Du lieber unbeobachtet?<\/strong><\/p>\n<p>Beim Duschen. Ich will noch nichts verraten, aber da habe ich meine Tricks. Ich bin gro\u00df geworden in einem Wohnwagen mit vielen Menschen. Ich wei\u00df genau, wie man sich da verh\u00e4lt und wie man seine Privatsph\u00e4re rettet.<\/p>\n<p><strong>Hast Du einen Vorteil, weil Du das Zusammenleben mit anderen Menschen auf engstem Raum gewohnt bist?<\/strong><\/p>\n<p>Ich glaube eher nicht, denn ich lebe seit knapp 20 Jahren ganz normal in einem Haushalt mit zwei oder drei Menschen. Ich bin wirklich aus der \u00dcbung mit vielen Menschen 24 Stunden zusammen zu leben. Auch wenn ich mit meiner Familie auf Tour gehe hat am Abend jeder sein eigenes Zimmer. \u201ePromi Big Brother\u201c ist dann wirklich das Gleiche, wie mit meiner Familie vor \u00fcber 20 Jahren. Ich bin gespannt, wie ich reagiere, ob es mich nervt oder ob ich mich wohlf\u00fchle.<\/p>\n<p><strong>Welche Eigenschaften bringst Du in Deine neue Wohngemeinschaft mit ein?<\/strong><\/p>\n<p>Ich habe sehr viel Humor \u2013 auch in Krisenzeiten. Ich habe sehr viel erlebt in meinem Leben. Wenn Leute unruhig werden, entspanne ich eher. Ich schaue mir immer die Lage genau an, ob es wirklich ernst ist. Aber es kommt auf die Konstellation an. Vielleicht sind andere noch lustiger und lauter und dann bin ich die, die mehr Ruhe reinbringt.<\/p>\n<p><strong>Bei \u201ePromi Big Brother\u201c ist oft Teamwork gefragt. Bist Du ein Alphatier oder Mitl\u00e4ufer?<br \/>\n<\/strong><br \/>\nIch bin eher erst mal die Beobachterin. Ich habe in meinem Leben gelernt erst mal genau zu schauen, abzuwarten und dann zu reagieren.<\/p>\n<\/div>\n<\/div>\n<\/div>\n<div class=\"page\" title=\"Page 3\">\n<div class=\"layoutArea\">\n<div class=\"column\">\n<p style=\"text-align: justify;\"><strong>Wie reagierst Du in Konfliktsituationen?<\/strong><\/p>\n<p style=\"text-align: justify;\">Ich versuche immer zu warten bis die Emotionen aus allen raus sind, damit man nicht im Affekt falsch oder zu schnell reagiert. Wenn sich aber ein Konflikt entwickelt, immer schlimmer wird und die Betroffenen mich um Rat fragen, dann werde ich nat\u00fcrlich etwas sagen. Ich mische mich meist nie direkt in einen Konflikt ein.<\/p>\n<p style=\"text-align: justify;\"><strong>Wen oder was wirst Du am meisten vermissen?<\/strong><\/p>\n<p style=\"text-align: justify;\">Die Freiheit, Spazierg\u00e4nge zu machen und die Natur. Und klar, meinen Sohn werde ich vermissen. Es wird schwer sein, nicht zu wissen, wie es ihm geht und was er denkt. Andererseits werde ich mich sehr freuen kein Handy mehr zu haben. Dann kann ich mich endlich mal nur auf mich konzentrieren und auf die anderen Menschen um mich herum. Wir werden uns so gut und schnell kennenlernen, weil es einfach keine Ablenkung gibt. Solche Prozesse faszinieren mich.<\/p>\n<p style=\"text-align: justify;\"><strong>Was sagen Dein Sohn und Deine Familie zu Deinem Einzug?<\/strong><\/p>\n<p style=\"text-align: justify;\">Ehrlich gesagt habe ich es noch niemanden gesagt. Meinem Sohn sage ich es erst ein paar Tage vor der Quarant\u00e4ne, meiner Familie gar nicht. Die werden es ja dann aus der Presse erfahren.<\/p>\n<p style=\"text-align: justify;\"><strong>Wie wichtig ist Dir der Sieg bei \u201ePromi Big Brother\u201c?<\/strong><\/p>\n<p style=\"text-align: justify;\">Ich w\u00fcrde sehr gerne gewinnen. Das w\u00fcrde mich sehr freuen. Aber zun\u00e4chst ist es f\u00fcr mich super dabei zu sein. Ich bin nicht besessen und will nicht unbedingt gewinnen. Die Herausforderung f\u00fcr mich ist, bis zum Ende dabei zu bleiben. Jeden Tag im Haus gut zu schaffen, das ist mein Fokus.<\/p>\n<p style=\"text-align: justify;\"><strong>Jeder kennt die Kelly Family, was muss man \u00fcber die Solok\u00fcnstlerin Kathy Kelly wissen?<\/strong><\/p>\n<p>Im September kommen direkt zwei neue Alben heraus. Ein Klassik-Album und ein Opern- Album, bei dem ich die bekanntesten Arien unter anderem von Verdi, Puccini oder Wagner singe. Das nehme ich jetzt gerade mit einem Orchester auf und dann geht es direkt zu \u201ePromi Big Brother\u201c.<\/p>\n<\/div>\n<\/div>\n<\/div>\n","protected":false},"excerpt":{"rendered":"<p>\u201eIch mische mich meist nie direkt in einen Konflikt ein!\u201c!<\/p>\n","protected":false},"author":2,"featured_media":150396,"comment_status":"open","ping_status":"closed","sticky":false,"template":"","format":"standard","meta":{"_FSMCFIC_featured_image_caption":"","_FSMCFIC_featured_image_nocaption":"","_FSMCFIC_featured_image_hide":""},"categories":[29],"tags":[896],"acf":[],"_links":{"self":[{"href":"https:\/\/smago.de\/ws2\/wp-json\/wp\/v2\/posts\/150410"}],"collection":[{"href":"https:\/\/smago.de\/ws2\/wp-json\/wp\/v2\/posts"}],"about":[{"href":"https:\/\/smago.de\/ws2\/wp-json\/wp\/v2\/types\/post"}],"author":[{"embeddable":true,"href":"https:\/\/smago.de\/ws2\/wp-json\/wp\/v2\/users\/2"}],"replies":[{"embeddable":true,"href":"https:\/\/smago.de\/ws2\/wp-json\/wp\/v2\/comments?post=150410"}],"version-history":[{"count":2,"href":"https:\/\/smago.de\/ws2\/wp-json\/wp\/v2\/posts\/150410\/revisions"}],"predecessor-version":[{"id":150412,"href":"https:\/\/smago.de\/ws2\/wp-json\/wp\/v2\/posts\/150410\/revisions\/150412"}],"wp:featuredmedia":[{"embeddable":true,"href":"https:\/\/smago.de\/ws2\/wp-json\/wp\/v2\/media\/150396"}],"wp:attachment":[{"href":"https:\/\/smago.de\/ws2\/wp-json\/wp\/v2\/media?parent=150410"}],"wp:term":[{"taxonomy":"category","embeddable":true,"href":"https:\/\/smago.de\/ws2\/wp-json\/wp\/v2\/categories?post=150410"},{"taxonomy":"post_tag","embeddable":true,"href":"https:\/\/smago.de\/ws2\/wp-json\/wp\/v2\/tags?post=150410"}],"curies":[{"name":"wp","href":"https:\/\/api.w.org\/{rel}","templated":true}]}}