{"id":150399,"date":"2020-08-03T23:57:57","date_gmt":"2020-08-03T21:57:57","guid":{"rendered":"https:\/\/online.smago.de\/ws2\/?p=150399"},"modified":"2020-08-03T22:42:54","modified_gmt":"2020-08-03T20:42:54","slug":"sascha-heyna-sascha-heyna-zieht-ins-promi-big-brother-haus-ein","status":"publish","type":"post","link":"https:\/\/smago.de\/ws2\/schlager\/sascha-heyna-sascha-heyna-zieht-ins-promi-big-brother-haus-ein\/","title":{"rendered":"SASCHA HEYNA <br>Sascha Heyna zieht ins &#8222;Promi Big Brother&#8220; Haus ein!"},"content":{"rendered":"<p>Wie wird sich Sascha jetzt in der Welt von \u201ePromi Big Brother\u201c zu verkaufen wissen?<br \/>\n<!--more--><\/p>\n<p>&nbsp;<\/p>\n<p style=\"text-align: justify;\">\n<p style=\"text-align: justify;\">Nach unterschiedlichen Jobs als TV-Journalist und Redakteur startet SASCHA HEYNA 2001 seine steile Karriere vor der Kamera und beginnt beim Shoppingsender QVC. Der geb\u00fcrtige N\u00fcrnberger wird wegen seiner uneitlen und offenen Art, gepaart mit viel Entertainment, von seinen Fans gefeiert.<\/p>\n<p style=\"text-align: justify;\">Durch seine Freundin Isabel Varell kommt der 45-J\u00e4hrige mit der Schlagerwelt in Ber\u00fchrung. Die S\u00e4ngerin \u00fcberzeugt den leidenschaftlichen Schlagerfan, es selbst einmal auf der B\u00fchne zu versuchen \u2013 mit Erfolg. Sechs Schlageralben und eigene gro\u00dfe Tourneen folgen.<\/p>\n<p style=\"text-align: justify;\">Doch im Leben des stets gutgelaunten Entertainers gab es auch schwere Zeiten. Durch eine lange und schwere Krankheit seiner geliebten Gro\u00dfmutter besch\u00e4ftigt er sich intensiv mit der Altenpflege. Aus diesem Grund betreibt der Wahlk\u00f6lner seit sechs Jahren seinen eigenen Pflege- und Betreuungsdienst.<\/p>\n<p style=\"text-align: justify;\">Wie wird sich Sascha jetzt in der Welt von \u201ePromi Big Brother\u201c zu verkaufen wissen?<\/p>\n","protected":false},"excerpt":{"rendered":"<p>Wie wird sich Sascha jetzt in der Welt von \u201ePromi Big Brother\u201c zu verkaufen wissen?<\/p>\n","protected":false},"author":2,"featured_media":150400,"comment_status":"open","ping_status":"closed","sticky":false,"template":"","format":"standard","meta":{"_FSMCFIC_featured_image_caption":"","_FSMCFIC_featured_image_nocaption":"","_FSMCFIC_featured_image_hide":""},"categories":[29],"tags":[476],"acf":[],"_links":{"self":[{"href":"https:\/\/smago.de\/ws2\/wp-json\/wp\/v2\/posts\/150399"}],"collection":[{"href":"https:\/\/smago.de\/ws2\/wp-json\/wp\/v2\/posts"}],"about":[{"href":"https:\/\/smago.de\/ws2\/wp-json\/wp\/v2\/types\/post"}],"author":[{"embeddable":true,"href":"https:\/\/smago.de\/ws2\/wp-json\/wp\/v2\/users\/2"}],"replies":[{"embeddable":true,"href":"https:\/\/smago.de\/ws2\/wp-json\/wp\/v2\/comments?post=150399"}],"version-history":[{"count":1,"href":"https:\/\/smago.de\/ws2\/wp-json\/wp\/v2\/posts\/150399\/revisions"}],"predecessor-version":[{"id":150401,"href":"https:\/\/smago.de\/ws2\/wp-json\/wp\/v2\/posts\/150399\/revisions\/150401"}],"wp:featuredmedia":[{"embeddable":true,"href":"https:\/\/smago.de\/ws2\/wp-json\/wp\/v2\/media\/150400"}],"wp:attachment":[{"href":"https:\/\/smago.de\/ws2\/wp-json\/wp\/v2\/media?parent=150399"}],"wp:term":[{"taxonomy":"category","embeddable":true,"href":"https:\/\/smago.de\/ws2\/wp-json\/wp\/v2\/categories?post=150399"},{"taxonomy":"post_tag","embeddable":true,"href":"https:\/\/smago.de\/ws2\/wp-json\/wp\/v2\/tags?post=150399"}],"curies":[{"name":"wp","href":"https:\/\/api.w.org\/{rel}","templated":true}]}}