{"id":150245,"date":"2020-07-30T18:43:22","date_gmt":"2020-07-30T16:43:22","guid":{"rendered":"https:\/\/online.smago.de\/ws2\/?p=150245"},"modified":"2020-07-31T01:02:03","modified_gmt":"2020-07-30T23:02:03","slug":"smago-informiert-zdf-verlaengert-unterstuetzung-fuer-produktionsfirmen","status":"publish","type":"post","link":"https:\/\/smago.de\/ws2\/smago-informiert\/smago-informiert-zdf-verlaengert-unterstuetzung-fuer-produktionsfirmen\/","title":{"rendered":"smago! INFORMIERT <br>ZDF verl\u00e4ngert Unterst\u00fctzung f\u00fcr Produktionsfirmen!"},"content":{"rendered":"<p>Intendant Bellut: &#8222;Wir stehen zu unserer Verantwortung&#8220;!<br \/>\n<!--more--><\/p>\n<p>&nbsp;<\/p>\n<p>&nbsp;<\/p>\n<p style=\"text-align: justify;\">Das ZDF verl\u00e4ngert seine Zusage, sich mit 50 Prozent an zus\u00e4tzlichen Kosten bei Drehunterbrechungen infolge der Coronakrise zu beteiligen, bis Mitte September 2020. Urspr\u00fcnglich war die Ma\u00dfnahme bis Ende Juli 2020 befristet. Auch k\u00f6nnen weiterhin Abschlagszahlungen zeitlich vorgezogen werden, um die Liquidit\u00e4t von Produktionsfirmen zu verbessern. Das ZDF \u00fcbernimmt au\u00dferdem bei Auftragsproduktionen auch weiter alle Mehrkosten, die etwa f\u00fcr zus\u00e4tzlichen Arbeitsschutz und Hygienema\u00dfnahmen anfallen und nach unb\u00fcrokratischer Pr\u00fcfung zu 100 Prozent anerkannt werden.<\/p>\n<p style=\"text-align: justify;\">ZDF-Intendant Dr. Thomas Bellut: &#8222;Wir stehen zu unserer Verantwortung und tun, was wir k\u00f6nnen, um die Fernsehbranche bestm\u00f6glich zu unterst\u00fctzen.&#8220; Das ZDF k\u00f6nne aber nicht mit Beitragsgeldern alle unternehmerischen Risiken abfedern, erkl\u00e4rte Bellut. Auch Produktionsfirmen und Politik seien gefragt. Bellut: &#8222;Mit unserem Ma\u00dfnahmenpaket wollen wir helfen, die Zeit zu \u00fcberbr\u00fccken, bis ein staatlicher Ausfallfonds greift. Die Initiative von Bund und L\u00e4ndern begr\u00fc\u00dfe ich ausdr\u00fccklich. N\u00f6tig ist jetzt eine enge Koordinierung, damit Deutschland dem Beispiel anderer europ\u00e4ischer L\u00e4nder folgen kann. Wir werden es nur gemeinsam schaffen, die Vielfalt und Kreativit\u00e4t der deutschen Produktionslandschaft zu erhalten.&#8220;<\/p>\n","protected":false},"excerpt":{"rendered":"<p>Intendant Bellut: &#8222;Wir stehen zu unserer Verantwortung&#8220;!<\/p>\n","protected":false},"author":2,"featured_media":150247,"comment_status":"open","ping_status":"closed","sticky":false,"template":"","format":"standard","meta":{"_FSMCFIC_featured_image_caption":"","_FSMCFIC_featured_image_nocaption":"","_FSMCFIC_featured_image_hide":""},"categories":[33,39],"tags":[135],"acf":[],"_links":{"self":[{"href":"https:\/\/smago.de\/ws2\/wp-json\/wp\/v2\/posts\/150245"}],"collection":[{"href":"https:\/\/smago.de\/ws2\/wp-json\/wp\/v2\/posts"}],"about":[{"href":"https:\/\/smago.de\/ws2\/wp-json\/wp\/v2\/types\/post"}],"author":[{"embeddable":true,"href":"https:\/\/smago.de\/ws2\/wp-json\/wp\/v2\/users\/2"}],"replies":[{"embeddable":true,"href":"https:\/\/smago.de\/ws2\/wp-json\/wp\/v2\/comments?post=150245"}],"version-history":[{"count":2,"href":"https:\/\/smago.de\/ws2\/wp-json\/wp\/v2\/posts\/150245\/revisions"}],"predecessor-version":[{"id":150248,"href":"https:\/\/smago.de\/ws2\/wp-json\/wp\/v2\/posts\/150245\/revisions\/150248"}],"wp:featuredmedia":[{"embeddable":true,"href":"https:\/\/smago.de\/ws2\/wp-json\/wp\/v2\/media\/150247"}],"wp:attachment":[{"href":"https:\/\/smago.de\/ws2\/wp-json\/wp\/v2\/media?parent=150245"}],"wp:term":[{"taxonomy":"category","embeddable":true,"href":"https:\/\/smago.de\/ws2\/wp-json\/wp\/v2\/categories?post=150245"},{"taxonomy":"post_tag","embeddable":true,"href":"https:\/\/smago.de\/ws2\/wp-json\/wp\/v2\/tags?post=150245"}],"curies":[{"name":"wp","href":"https:\/\/api.w.org\/{rel}","templated":true}]}}