{"id":149907,"date":"2020-07-22T16:04:34","date_gmt":"2020-07-22T14:04:34","guid":{"rendered":"https:\/\/online.smago.de\/ws2\/?p=149907"},"modified":"2020-07-22T16:13:56","modified_gmt":"2020-07-22T14:13:56","slug":"stimmen-der-berge-das-kommt-gut-ihr-aktueller-titel","status":"publish","type":"post","link":"https:\/\/smago.de\/ws2\/schlager\/stimmen-der-berge-das-kommt-gut-ihr-aktueller-titel\/","title":{"rendered":"STIMMEN DER BERGE <br>&#8222;Das kommt gut&#8220; &#8211; ihr aktueller Titel!"},"content":{"rendered":"<p>Musik: Tommy Mustac; Text: Alexander Scholz! Exklusive Video-Premiere am 30.07.2020 um 15:00 Uhr auf dem Kanal &#8222;Ich find Schlager toll&#8220;!<br \/>\n<!--more--><\/p>\n<p>&nbsp;<\/p>\n<p style=\"text-align: justify;\">Das neue Schlager-Album \u201eSING MIT \u2013 Die Gro\u00dfe Kultschlager Party\u201c von den \u201eStimmen der Berge\u201c, welches am 31.07.2020 bei UNIVERSAL Music erscheint, enth\u00e4lt auch drei ganz neue Titel. Als zweite Single-Auskopplung wird nun der Titel \u201eDas kommt gut\u201c ver\u00f6ffentlicht.<\/p>\n<p style=\"text-align: justify;\">Das Autoren-Team Tommy Mustac und Alexander Scholz haben diesen Song gemeinsam geschrieben. Eigentlich hat der Text dieses eing\u00e4ngigen flotten Schlagers etwas Autobiographisches, denn es geht um Freundschaft, um gute Laune, um Power und gemeinsames Feiern in Form einer XXL-Party.<\/p>\n<p style=\"text-align: justify;\">Seit nun mehr sechs Jahren ist das auch das Motto der ehemaligen Regensburger Domspatzen, den drei Ten\u00f6ren Benjamin Grund, Thomas A. Gruber, Stephan Schl\u00f6gl, dem Bass Simon K\u00e4sbauer und dem einstigen Mitglied des T\u00f6lzer Knabenchors, dem Bariton Daniel Hinterberger.<\/p>\n<p style=\"text-align: justify;\">Das Quintett, das in verschiedenen musikalischen Genres der Unterhaltungsmusik gleicherma\u00dfen erfolgreich zu Hause ist, pflegt den Zusammenhalt und die Freundschaft und lebt nach der Devise, dass Freundschaft und Zusammenhalt das Leben leichter macht und Sorgen etwas kleiner werden l\u00e4sst. Sie sind Garanten f\u00fcr \u201eGute Unterhaltung\u201c und \u201eGute Laune\u201c.<\/p>\n<p style=\"text-align: justify;\">Bei ihren zahlreichen Live-Veranstaltungen ist es der Gruppeein gro\u00dfes Bed\u00fcrfnis,das Publikum zum Mitsingen zu animieren und jede Veranstaltung zu einem besonderen Erlebnis werden zu lassen. Damit gelingt es ihnen, Menschen mit gleichen Interessen mit ihrer Musik zu verbinden und das Gef\u00fchl von Gemeinsamkeit und Geborgenheit zu st\u00e4rken.<\/p>\n","protected":false},"excerpt":{"rendered":"<p>Musik: Tommy Mustac; Text: Alexander Scholz! Exklusive Video-Premiere am 30.07.2020 um 15:00 Uhr auf dem Kanal &#8222;Ich find Schlager toll&#8220;!<\/p>\n","protected":false},"author":2,"featured_media":149908,"comment_status":"open","ping_status":"closed","sticky":false,"template":"","format":"standard","meta":{"_FSMCFIC_featured_image_caption":"","_FSMCFIC_featured_image_nocaption":"","_FSMCFIC_featured_image_hide":""},"categories":[29],"tags":[613],"acf":[],"_links":{"self":[{"href":"https:\/\/smago.de\/ws2\/wp-json\/wp\/v2\/posts\/149907"}],"collection":[{"href":"https:\/\/smago.de\/ws2\/wp-json\/wp\/v2\/posts"}],"about":[{"href":"https:\/\/smago.de\/ws2\/wp-json\/wp\/v2\/types\/post"}],"author":[{"embeddable":true,"href":"https:\/\/smago.de\/ws2\/wp-json\/wp\/v2\/users\/2"}],"replies":[{"embeddable":true,"href":"https:\/\/smago.de\/ws2\/wp-json\/wp\/v2\/comments?post=149907"}],"version-history":[{"count":2,"href":"https:\/\/smago.de\/ws2\/wp-json\/wp\/v2\/posts\/149907\/revisions"}],"predecessor-version":[{"id":149911,"href":"https:\/\/smago.de\/ws2\/wp-json\/wp\/v2\/posts\/149907\/revisions\/149911"}],"wp:featuredmedia":[{"embeddable":true,"href":"https:\/\/smago.de\/ws2\/wp-json\/wp\/v2\/media\/149908"}],"wp:attachment":[{"href":"https:\/\/smago.de\/ws2\/wp-json\/wp\/v2\/media?parent=149907"}],"wp:term":[{"taxonomy":"category","embeddable":true,"href":"https:\/\/smago.de\/ws2\/wp-json\/wp\/v2\/categories?post=149907"},{"taxonomy":"post_tag","embeddable":true,"href":"https:\/\/smago.de\/ws2\/wp-json\/wp\/v2\/tags?post=149907"}],"curies":[{"name":"wp","href":"https:\/\/api.w.org\/{rel}","templated":true}]}}