{"id":149873,"date":"2020-07-21T23:28:53","date_gmt":"2020-07-21T21:28:53","guid":{"rendered":"https:\/\/online.smago.de\/ws2\/?p=149873"},"modified":"2020-07-21T23:28:53","modified_gmt":"2020-07-21T21:28:53","slug":"roland-kaiser-botschafter-der-rudolf-pichlmayr-stiftung","status":"publish","type":"post","link":"https:\/\/smago.de\/ws2\/uncategorized\/roland-kaiser-botschafter-der-rudolf-pichlmayr-stiftung\/","title":{"rendered":"ROLAND KAISER <br>Botschafter der Rudolf-Pichlmayr-Stiftung!"},"content":{"rendered":"<p>Sehen Sie HIER den rund 5-min\u00fctigen Imagefilm &#8230;:<br \/>\n<!--more--><\/p>\n<p>&nbsp;<\/p>\n<p style=\"text-align: justify;\">\n<div class=\"kvgmc6g5 cxmmr5t8 oygrvhab hcukyx3x c1et5uql ii04i59q\" style=\"text-align: justify;\">\n<div dir=\"auto\"><em>Liebe Freunde,<\/em><\/div>\n<div dir=\"auto\"><\/div>\n<\/div>\n<div class=\"o9v6fnle cxmmr5t8 oygrvhab hcukyx3x c1et5uql ii04i59q\" style=\"text-align: justify;\">\n<div dir=\"auto\"><em>als Botschafter der Rudolf-Pichlmayr-Stiftung m\u00f6chte ich Euch heute einen sch\u00f6nen Imagefilm vorstellen, der vor einiger Zeit entstanden ist &#8230;:<\/em><\/p>\n<\/div>\n<\/div>\n<div dir=\"auto\" style=\"text-align: justify;\"><\/div>\n<div dir=\"auto\" style=\"text-align: justify;\"><iframe loading=\"lazy\" src=\"\/\/www.youtube.com\/embed\/190is0hSRqs?feature=youtu\" width=\"560\" height=\"314\" allowfullscreen=\"allowfullscreen\"><\/iframe><\/div>\n<div dir=\"auto\" style=\"text-align: justify;\"><\/div>\n<div dir=\"auto\" style=\"text-align: justify;\"><\/div>\n<div class=\"o9v6fnle cxmmr5t8 oygrvhab hcukyx3x c1et5uql ii04i59q\" style=\"text-align: justify;\">\n<div dir=\"auto\"><em>Die Pandemie stellt nat\u00fcrlich auch viele Ederhof-Familien und das zugeh\u00f6rige Reha-Zentrum vor gro\u00dfe neue Aufgaben. Viele Familien haben unter der akuten Pandemie-Situation sehr gelitten. Die soziale Isolation, die Angst und die in dieser Zeit eingeschr\u00e4nkte medizinische Versorgung haben sie h\u00e4ufig sehr verunsichert und Kinder und Eltern sind dankbar, auf den Ederhof kommen zu d\u00fcrfen. Besonders in dieser Zeit ist es wichtig, die frischen Erfahrungen aufzuarbeiten und die Familien f\u00fcr den \u201cneuen Alltag\u201d in der Pandemie zu schulen. M\u00f6glich ist der Reha-Betrieb nat\u00fcrlich nur mit Hilfe umfassender Sicherheits- und Hygienema\u00dfnahmen, darunter regelm\u00e4\u00dfige PCR-Tests.<\/em><\/div>\n<\/div>\n<div dir=\"auto\" style=\"text-align: justify;\"><\/div>\n<div class=\"o9v6fnle cxmmr5t8 oygrvhab hcukyx3x c1et5uql ii04i59q\" style=\"text-align: justify;\">\n<div dir=\"auto\"><em>Euer Roland<\/em><\/div>\n<\/div>\n<p style=\"text-align: justify;\">\n","protected":false},"excerpt":{"rendered":"<p>Sehen Sie HIER den rund 5-min\u00fctigen Imagefilm &#8230;:<\/p>\n","protected":false},"author":2,"featured_media":55262,"comment_status":"open","ping_status":"closed","sticky":false,"template":"","format":"standard","meta":{"_FSMCFIC_featured_image_caption":"","_FSMCFIC_featured_image_nocaption":"","_FSMCFIC_featured_image_hide":""},"categories":[1],"tags":[207],"acf":[],"_links":{"self":[{"href":"https:\/\/smago.de\/ws2\/wp-json\/wp\/v2\/posts\/149873"}],"collection":[{"href":"https:\/\/smago.de\/ws2\/wp-json\/wp\/v2\/posts"}],"about":[{"href":"https:\/\/smago.de\/ws2\/wp-json\/wp\/v2\/types\/post"}],"author":[{"embeddable":true,"href":"https:\/\/smago.de\/ws2\/wp-json\/wp\/v2\/users\/2"}],"replies":[{"embeddable":true,"href":"https:\/\/smago.de\/ws2\/wp-json\/wp\/v2\/comments?post=149873"}],"version-history":[{"count":1,"href":"https:\/\/smago.de\/ws2\/wp-json\/wp\/v2\/posts\/149873\/revisions"}],"predecessor-version":[{"id":149874,"href":"https:\/\/smago.de\/ws2\/wp-json\/wp\/v2\/posts\/149873\/revisions\/149874"}],"wp:featuredmedia":[{"embeddable":true,"href":"https:\/\/smago.de\/ws2\/wp-json\/wp\/v2\/media\/55262"}],"wp:attachment":[{"href":"https:\/\/smago.de\/ws2\/wp-json\/wp\/v2\/media?parent=149873"}],"wp:term":[{"taxonomy":"category","embeddable":true,"href":"https:\/\/smago.de\/ws2\/wp-json\/wp\/v2\/categories?post=149873"},{"taxonomy":"post_tag","embeddable":true,"href":"https:\/\/smago.de\/ws2\/wp-json\/wp\/v2\/tags?post=149873"}],"curies":[{"name":"wp","href":"https:\/\/api.w.org\/{rel}","templated":true}]}}