{"id":149826,"date":"2020-07-20T15:32:14","date_gmt":"2020-07-20T13:32:14","guid":{"rendered":"https:\/\/online.smago.de\/ws2\/?p=149826"},"modified":"2020-07-20T15:32:14","modified_gmt":"2020-07-20T13:32:14","slug":"stefan-raab-neuzugang-des-jahres-stefan-raab-produziert-late-night-show-fuer-tvnow","status":"publish","type":"post","link":"https:\/\/smago.de\/ws2\/nonsens\/stefan-raab-neuzugang-des-jahres-stefan-raab-produziert-late-night-show-fuer-tvnow\/","title":{"rendered":"STEFAN RAAB <br>&#8222;Neuzugang des Jahres&#8220;: Stefan Raab produziert Late Night-Show f\u00fcr TVNOW!"},"content":{"rendered":"<p>Die Moderation gibt er in andere \u00fcberraschende H\u00e4nde!<br \/>\n<!--more--><\/p>\n<p>&nbsp;<\/p>\n<p style=\"text-align: justify;\">\n<p style=\"text-align: justify;\">rst \u201eEntertainer des Jahres\u201c, dann \u201eRentner des Jahres\u201c \u2013 jetzt \u201eNeuzugang des Jahres\u201c. Stefan Raab produziert noch in diesem Jahr eine Late Night-Show exklusiv f\u00fcr den Streamingdienst TVNOW. F\u00fcr Raab ist das die erste Produktion f\u00fcr die Mediengruppe RTL Deutschland in seiner Laufbahn.<\/p>\n<p style=\"text-align: justify;\">Stefan Raab: \u201eSeit 20 Jahren meckere ich \u00fcber das Programm der anderen. Jetzt habe ich festgestellt: meckern n\u00fctzt nichts, ich muss pers\u00f6nlich helfen. Und da bin ich bei TVNOW genau richtig.\u201c<\/p>\n<p style=\"text-align: justify;\">TVNOW-Co-Gesch\u00e4ftsleiter Henning Tewes: \u201eStefan Raab hat in seiner langj\u00e4hrigen Karriere als Pionier und kreativer Kopf die gesamte deutsche Showlandschaft ma\u00dfgeblich mitgestaltet. Deshalb bieten wir ihm nur zu gerne den Spielplatz, auf dem er sich richtig austoben kann. Auch wenn er bereits angedroht hat, wirklich all das umzusetzen, was ihm an Ideen in den Kopf kommt. Denn genau das w\u00fcnschen wir uns von ihm bei TVNOW.\u201c<\/p>\n<p style=\"text-align: justify;\">Stefan Raab wird die Late Night-Show als Produzent hinter den Kulissen verantworten. Die Moderation gibt er in andere \u00fcberraschende H\u00e4nde.<\/p>\n<p>&nbsp;<\/p>\n<p>&nbsp;<\/p>\n<p>&nbsp;<\/p>\n<p>&nbsp;<\/p>\n<p style=\"text-align: justify;\"><strong>\u00dcber TVNOW:<\/strong><\/p>\n<p>&nbsp;<\/p>\n<p style=\"text-align: justify;\">TVNOW ist der Streamingdienst der Mediengruppe RTL Deutschland und mit bis zu 5,95 Millionen Unique Usern der mit Abstand st\u00e4rkste deutsche Anbieter im Markt. Der \u201eMainstreamer\u201c mit klarem Fokus auf lokale Inhalte f\u00fcr ein gro\u00dfes Publikum bietet derzeit rund 47.000 Programmstunden verschiedener Genres von Show und Real Life \u00fcber Sport, Dokumentation und Information bis zu Kinderprogramm und Fiction.<\/p>\n","protected":false},"excerpt":{"rendered":"<p>Die Moderation gibt er in andere \u00fcberraschende H\u00e4nde!<\/p>\n","protected":false},"author":2,"featured_media":149827,"comment_status":"open","ping_status":"closed","sticky":false,"template":"","format":"standard","meta":{"_FSMCFIC_featured_image_caption":"","_FSMCFIC_featured_image_nocaption":"","_FSMCFIC_featured_image_hide":""},"categories":[23,39,128],"tags":[507],"acf":[],"_links":{"self":[{"href":"https:\/\/smago.de\/ws2\/wp-json\/wp\/v2\/posts\/149826"}],"collection":[{"href":"https:\/\/smago.de\/ws2\/wp-json\/wp\/v2\/posts"}],"about":[{"href":"https:\/\/smago.de\/ws2\/wp-json\/wp\/v2\/types\/post"}],"author":[{"embeddable":true,"href":"https:\/\/smago.de\/ws2\/wp-json\/wp\/v2\/users\/2"}],"replies":[{"embeddable":true,"href":"https:\/\/smago.de\/ws2\/wp-json\/wp\/v2\/comments?post=149826"}],"version-history":[{"count":1,"href":"https:\/\/smago.de\/ws2\/wp-json\/wp\/v2\/posts\/149826\/revisions"}],"predecessor-version":[{"id":149828,"href":"https:\/\/smago.de\/ws2\/wp-json\/wp\/v2\/posts\/149826\/revisions\/149828"}],"wp:featuredmedia":[{"embeddable":true,"href":"https:\/\/smago.de\/ws2\/wp-json\/wp\/v2\/media\/149827"}],"wp:attachment":[{"href":"https:\/\/smago.de\/ws2\/wp-json\/wp\/v2\/media?parent=149826"}],"wp:term":[{"taxonomy":"category","embeddable":true,"href":"https:\/\/smago.de\/ws2\/wp-json\/wp\/v2\/categories?post=149826"},{"taxonomy":"post_tag","embeddable":true,"href":"https:\/\/smago.de\/ws2\/wp-json\/wp\/v2\/tags?post=149826"}],"curies":[{"name":"wp","href":"https:\/\/api.w.org\/{rel}","templated":true}]}}