{"id":149815,"date":"2020-07-20T14:20:10","date_gmt":"2020-07-20T12:20:10","guid":{"rendered":"https:\/\/online.smago.de\/ws2\/?p=149815"},"modified":"2020-07-20T14:20:10","modified_gmt":"2020-07-20T12:20:10","slug":"julian-david-julian-david-hebt-ab","status":"publish","type":"post","link":"https:\/\/smago.de\/ws2\/pop-schlager\/julian-david-julian-david-hebt-ab\/","title":{"rendered":"JULIAN DAVID <br>Julian David hebt ab &#8230;"},"content":{"rendered":"<p>&#8230; in Richtung Top 10 der Radio Charts &#8222;Deutschland Konservativ Pop&#8220;!<br \/>\n<!--more--><\/p>\n<p>&nbsp;<\/p>\n<p style=\"text-align: justify;\">\n<p style=\"text-align: justify;\">Nach seinen erfolgreichen Auftritten im \u201eZDF-Fernsehgarten\u201c und bei \u201eImmer wieder sonntags\u201c nimmt JULIAN DAVIDs aktuelle Single \u201eWir heben ab\u201c jetzt so richtig Fahrt auf! Dieser Ohrwurm ist nicht nur ein Garant f\u00fcr volle Tanzfl\u00e4chen und gut gelaunte Radio-H\u00f6rer, sondern erf\u00fcllt, ob seines massentauglichen Festival-Charakters, alle Voraussetzungen die Schlager-Hitliste des neuen Jahrzehnts anzuf\u00fchren!<\/p>\n<p>In einer Zeit, in der unser Leben einmal gr\u00fcndlich durchgesch\u00fcttelt wird, brauchen wir Mut und Zuversicht. Wir lernen, die gro\u00dfen UND die kleinen Dinge zu sch\u00e4tzen. Alles, was wir vermissen, kommt wieder &#8211; vielleicht irgendwie anders, vielleicht sogar besser. \u201eGib mir deine Hand und spring mit mir\u201c &#8211; mit diesen Zeilen l\u00e4utet der mit Gold und Platin ausgezeichnete Entertainer Julian David den Sommer und diese neu gewonnene Aufbruchstimmung ein.<\/p>\n<p style=\"text-align: justify;\">\u201eWir heben ab\u201c aus seinem Chart-Album \u201eOhne Limit\u201c ist ein hitverd\u00e4chtiger Mut-Mach-Song. Der Sprung ins kalte Nass, die lang \u00fcberf\u00e4llige Ver\u00e4nderung, der Liebe endlich eine Chance geben!<\/p>\n<p style=\"text-align: justify;\">All unsere unerf\u00fcllten Vorhaben gehen wir mit Julians positivem Lebensgef\u00fchl und der Lust auf einen Neuanfang an.<em> \u201eDu hast doch nichts zu verlier\u2018n, alles riskier\u2018n ist der Masterplan\u201c<\/em>, singt Julian bevor er mit uns abhebt!<\/p>\n<p style=\"text-align: justify;\">\n<p style=\"text-align: justify;\">\n<p style=\"text-align: justify;\">\n<p style=\"text-align: justify;\">\n<p><strong>AKTUELLE TV-TERMINE<\/strong><\/p>\n<p style=\"text-align: justify;\">\n<p style=\"text-align: justify;\">\n<em>21.06.2020 ZDF \u201eFernsehgarten\u201c<\/em><br \/>\n<em>19.07.2020 ARD \u201cImmer wieder sonntags\u201d<\/em><br \/>\n18.09.2020 MDR \u201eMusik f\u00fcr Sie\u201c<\/p>\n<p style=\"text-align: justify;\">\n<em>Weitere Termine in Planung!<\/em><\/p>\n","protected":false},"excerpt":{"rendered":"<p>&#8230; in Richtung Top 10 der Radio Charts &#8222;Deutschland Konservativ Pop&#8220;!<\/p>\n","protected":false},"author":2,"featured_media":148665,"comment_status":"open","ping_status":"closed","sticky":false,"template":"","format":"standard","meta":{"_FSMCFIC_featured_image_caption":"","_FSMCFIC_featured_image_nocaption":"","_FSMCFIC_featured_image_hide":""},"categories":[28],"tags":[862],"acf":[],"_links":{"self":[{"href":"https:\/\/smago.de\/ws2\/wp-json\/wp\/v2\/posts\/149815"}],"collection":[{"href":"https:\/\/smago.de\/ws2\/wp-json\/wp\/v2\/posts"}],"about":[{"href":"https:\/\/smago.de\/ws2\/wp-json\/wp\/v2\/types\/post"}],"author":[{"embeddable":true,"href":"https:\/\/smago.de\/ws2\/wp-json\/wp\/v2\/users\/2"}],"replies":[{"embeddable":true,"href":"https:\/\/smago.de\/ws2\/wp-json\/wp\/v2\/comments?post=149815"}],"version-history":[{"count":1,"href":"https:\/\/smago.de\/ws2\/wp-json\/wp\/v2\/posts\/149815\/revisions"}],"predecessor-version":[{"id":149816,"href":"https:\/\/smago.de\/ws2\/wp-json\/wp\/v2\/posts\/149815\/revisions\/149816"}],"wp:featuredmedia":[{"embeddable":true,"href":"https:\/\/smago.de\/ws2\/wp-json\/wp\/v2\/media\/148665"}],"wp:attachment":[{"href":"https:\/\/smago.de\/ws2\/wp-json\/wp\/v2\/media?parent=149815"}],"wp:term":[{"taxonomy":"category","embeddable":true,"href":"https:\/\/smago.de\/ws2\/wp-json\/wp\/v2\/categories?post=149815"},{"taxonomy":"post_tag","embeddable":true,"href":"https:\/\/smago.de\/ws2\/wp-json\/wp\/v2\/tags?post=149815"}],"curies":[{"name":"wp","href":"https:\/\/api.w.org\/{rel}","templated":true}]}}