{"id":149404,"date":"2020-07-10T00:00:33","date_gmt":"2020-07-09T22:00:33","guid":{"rendered":"https:\/\/online.smago.de\/ws2\/?p=149404"},"modified":"2020-07-09T23:21:55","modified_gmt":"2020-07-09T21:21:55","slug":"thomas-anders-luca-haenni-u-a-heute-10-07-2020-in-der-ndr-talk-show-zu-gast","status":"publish","type":"post","link":"https:\/\/smago.de\/ws2\/pop\/thomas-anders-luca-haenni-u-a-heute-10-07-2020-in-der-ndr-talk-show-zu-gast\/","title":{"rendered":"THOMAS ANDERS, LUCA H\u00c4NNI u.a. <br>Heute (10.07.2020) in der &#8222;NDR Talk Show&#8220; zu Gast!"},"content":{"rendered":"<p>NDR fernsehen + hr fernsehen, 22:00 Uhr &#8211; 00:10 Uhr! Moderation: Barbara Sch\u00f6neberger und Hubertus Meyer-Burckhardt!<br \/>\n<!--more--><\/p>\n<p>&nbsp;<\/p>\n<p>&nbsp;<\/p>\n<p>&nbsp;<\/p>\n<h3 style=\"text-align: justify;\">Michaela May, Schauspielerin<\/h3>\n<div class=\"contentimage w50\" style=\"text-align: justify;\"><\/div>\n<p style=\"text-align: justify;\">Seit ihrem 17. Lebensjahr steht Michaela May auf der B\u00fchne. Mit 22 Jahren kommt der TV-Durchbruch: Helmut Dietl verpflichtet sie Anfang der 80er Jahre in &#8222;M\u00fcnchner Geschichten&#8220; und in &#8222;Monaco Franze&#8220;. Seitdem steht die 68j\u00e4hrige regelm\u00e4\u00dfig f\u00fcr Serien, Filme und Shows vor der Kamera. Heute ist sie eine der beliebtesten Schauspielerinnen Deutschlands &#8211; und obendrein sehr sozial engagiert! Anfang des Jahres \u00fcbernahm sie gemeinsam mit ihrem Schauspielkollegen Elmar Wepper die Schirmherrschaft des Vereins &#8222;Retla&#8220;, der sich um Perspektiven f\u00fcr alte Menschen k\u00fcmmert: Es werden soziale Kontakte gekn\u00fcpft, Unternehmungen geplant und Patenschaften vermittelt. Warum sie dieses Engagement wichtig findet und was sie von den Menschen erf\u00e4hrt, wenn sie einmal w\u00f6chentlich selbst an der &#8222;Retla&#8220;-Hotline Telefondienst macht, das verr\u00e4t Michaela May in der NDR Talk Show!<\/p>\n<p>&nbsp;<\/p>\n<p>&nbsp;<\/p>\n<p>&nbsp;<\/p>\n<h3 style=\"text-align: justify;\">Sophie Passmann, Autorin und Moderatorin<\/h3>\n<div class=\"contentimage w50\" style=\"text-align: justify;\">\n<div class=\"image-container landscape\"><\/div>\n<\/div>\n<p style=\"text-align: justify;\">Sophie Passmann, Jahrgang 1994, verbrachte ihre Jugend deutschlandweit mit Auftritten bei Poetry Slams, sp\u00e4ter trat sie als Comedian und Autorin auf. Nach ihrem Studium der Politikwissenschaft und Philosophie ging sie als Radiomoderatorin zu 1LIVE, war im Ensemble des Neo Magazin Royale mit Jan B\u00f6hmermann, schreibt Texte und Kolumnen u.a. f\u00fcr die ZEIT. Ihr Buch &#8222;Alte wei\u00dfe M\u00e4nner&#8220; war ein SPIEGEL-Bestseller. F\u00fcr viele ist die 26-j\u00e4hrige Sophie Passmann die kluge und witzige Stimme einer jungen Generation, die sich nicht so schnell unterkriegen l\u00e4sst. Wenn sie &#8211; wie gerade jetzt im Zusammenhang mit Corona &#8211; auf Instagram Verschw\u00f6rungstheoretiker auseinandernimmt, dann erreicht sie Millionen Menschen. Gro\u00dfes Aufsehen erregte vor kurzem die von ihr moderierte Sendung &#8222;M\u00e4nnerwelten&#8220;. Die Entertainer Joko Winterscheidt und Klaas Heufer-Umlauf haben in ihrer bei Pro7 gewonnenen Sendezeit einen Blick auf sexuelle \u00dcbergriffe gegen Frauen geworfen. Der 15-min\u00fctige Beitrag war Ende Mai ausgestrahlt worden und hatte zwei Millionen Zuschauer. Mit eindrucksvoller Wucht hat &#8222;M\u00e4nnerwelten&#8220; in den sozialen Medien eingeschlagen: Innerhalb von wenigen Tagen wurde das Video auf Instagram 18 Millionen Mal, auf Youtube vier Millionen Mal geklickt und auf Twitter wurde der Hashtag &#8222;M\u00e4nnerwelten&#8220; zigtausendfach Mal benutzt. Moderatorin Anne Will teilte das Video in einem Tweet mit dem Zusatz &#8222;Pflichtprogramm&#8220;. Au\u00dfenminister Heiko Maas bedankte sich bei allen Frauen, die &#8222;von ihren grausamen Erfahrungen berichtet haben&#8220;. Wie die Reaktionen auf &#8222;M\u00e4nnerwelten&#8220; f\u00fcr Sophie Passmann pers\u00f6nlich waren und was die H\u00f6rer bei ihrem neuen Podcast &#8222;Jubel &amp; Krawall&#8220; erwartet, das erz\u00e4hlt sie in der NDR Talk Show.<\/p>\n<h3 style=\"text-align: justify;\"><\/h3>\n<h3 style=\"text-align: justify;\"><\/h3>\n<h3 style=\"text-align: justify;\"><\/h3>\n<h3 style=\"text-align: justify;\">Thomas Anders, S\u00e4nger<\/h3>\n<div class=\"contentimage w50\" style=\"text-align: justify;\"><\/div>\n<p style=\"text-align: justify;\">Mit &#8222;Modern Talking&#8220; schreibt er Musikgeschichte: Das erste Mal in den Achtzigern und sp\u00e4ter noch einmal beim Comeback des ungleichen Pop-Duos Anders\/Bohlen Ende der Neunziger. So ist er bis heute der einzige internationale Star, der zw\u00f6lfmal im Moskauer Kreml auftrat. Doch auch als Solok\u00fcnstler ist Thomas Anders weiter auf Erfolgskurs. Auch sein erstes deutschsprachiges Album \u201ePures Leben\u201c in der mittlerweile \u00fcber 40-j\u00e4hrigen Karriere begeistert die Fans. Mit mehr als 125 Millionen verkaufter Tontr\u00e4ger ist die Stimme des erfolgreichsten deutschen Pop-Duos einer der kommerziell erfolgreichsten deutschen K\u00fcnstler aller Zeiten. Seine Konzerte f\u00fchren ihn durch die ganze Welt, ob Party oder elegante Gala: Der geborene Rheinlandpf\u00e4lzer ist ein Garant f\u00fcr eine volle Tanzfl\u00e4che, tolle Stimmung und f\u00fcr Songs, die jeder kennt und mitsingen kann. Nun hat sich Thomas Anders mit dem Entertainer Florian Silbereisen zusammengetan. Aus dem Stand erobern die beiden die Spitze der Offiziellen Deutschen Album Charts. Warum es zu Zweit manchmal doch mehr Spa\u00df macht, als allein, erz\u00e4hlt Thomas Anders in der NDR Talk Show.<\/p>\n<p>&nbsp;<\/p>\n<p>&nbsp;<\/p>\n<p>&nbsp;<\/p>\n<p>&nbsp;<\/p>\n<h3 style=\"text-align: justify;\">Luca H\u00e4nni, S\u00e4nger<\/h3>\n<p>&nbsp;<\/p>\n<p style=\"text-align: justify;\">Er singt, er modelt, er tanzt, er schriebt &#8211; was dieser Mann so alles kann, passt jedenfalls nicht alles auf eine Visitenkarte. Die braucht er eigentlich auch gar nicht mehr, denn\u00a0Luca H\u00e4nni hat sich bereits vor acht Jahren nachhaltig in die Herzen der Fernsehzuschauer gesungen. Damals gewann er das Finale von &#8222;Deutschland sucht den Superstar&#8220;. Obwohl er extra daf\u00fcr seine Maurerausbildung abgebrochen hatte, gab es beim Bau bzw. Aufbau seiner Karriere keine Schwierigkeiten! Was dem Schweizer besonders liegt: Wettbewerbe! Nach Platz 1 bei DSDS, gewann er einige Jahre sp\u00e4ter auch das Tanzformat &#8222;Dance, Dance, Dance&#8220;. 2019 belegte der Charmebolzen den vierten Platz f\u00fcr die Schweiz beim Eurovision Song Contest und vor Kurzem holte er mit seinen Parkett-Darbietungen von ChaChaCha bis Tango den dritten Platz bei &#8222;Let\u00b4s Dance&#8220;. Au\u00dfer Atmen brachte ihn dabei Christina Luft, seine Tanzpartnerin, die f\u00fcr ihn zur Freundin f\u00fcrs Leben wurde. In der NDR Talk Show wird der 25-J\u00e4hrige von seiner neuen Single &#8222;Diamant&#8220; berichten, welche funkelnden Pl\u00e4ne er sonst noch in der nun tanzfreien Zeit umsetzt und welches Siegertreppchen er als n\u00e4chstes erklimmen m\u00f6chte.<\/p>\n<p>&nbsp;<\/p>\n<p>&nbsp;<\/p>\n<p>&nbsp;<\/p>\n<h3 style=\"text-align: justify;\">Melanie M\u00fcller, S\u00e4ngerin<\/h3>\n<div class=\"contentimage w50\" style=\"text-align: justify;\">\n<div class=\"image-container landscape\"><\/div>\n<\/div>\n<p style=\"text-align: justify;\">Schlagers\u00e4ngerin, Buch-Autorin, Working Mum und Dschungelqueen &#8211; Melanie M\u00fcller ist all das und noch viel mehr. Zielstrebig und mit viel guter Laune verfolgte die S\u00e4chsin ihre Entertainment-Karriere. Heute sorgt sie dort, wo sie mit ihren Songs auftritt, f\u00fcr Partystimmung: im Winter beim Apr\u00e9s-Ski, im Sommer auf Mallorca. Woher die zweifache Mutter die Energie nimmt, welche Projekte als n\u00e4chstes anstehen und warum sie in einem Bahnhof wohnt, das verr\u00e4t sie in der NDR Talk Show.<\/p>\n<p>&nbsp;<\/p>\n<p>&nbsp;<\/p>\n<p>&nbsp;<\/p>\n<p>&nbsp;<\/p>\n<h3 style=\"text-align: justify;\">&#8222;Martina und Moritz&#8220; (das Ehepaar Martina Meuth und Bernd Neuner-Duttenhofer), K\u00f6che und Autoren<\/h3>\n<p style=\"text-align: justify;\">Ein Leben ohne Kartoffelsalat? Unvorstellbar f\u00fcr die K\u00f6che Martina und Moritz. 100 ihrer Lieblingsrezepte haben sie nun in ihrem Buch \u201eEin Tag ohne Kartoffelsalat ist kulinarisch betrachtet ein verlorener Tag\u201c zusammengestellt. In der NDR Talk Show werden die beiden alles \u00fcber die Kartoffel und deren Zubereitung verraten. Martina Meuth und Bernd \u201eMoritz\u201c Neuner-Duttenhofer sind trotz der verschiedenen Namen seit \u00fcber 35 Jahren verheiratet und einem Millionenpublikum durch ihre Sendung \u201eKochen mit Martina und Moritz\u201c im WDR Fernsehen bekannt. Die beiden leben und arbeiten auf ihrem Apfelgut im Nordschwarzwald, wo sie Kochkurse geben und selbst S\u00e4fte und Apfelweine produzieren.<\/p>\n<p>&nbsp;<\/p>\n<p>&nbsp;<\/p>\n<p>&nbsp;<\/p>\n<p>&nbsp;<\/p>\n<h3 style=\"text-align: justify;\">Helma Sick, Frauen-Finanz-Expertin<\/h3>\n<div class=\"contentimage w50\" style=\"text-align: justify;\">\n<div class=\"image-container landscape\"><\/div>\n<\/div>\n<p style=\"text-align: justify;\">Das gr\u00f6\u00dfte Armutsrisiko in Deutschland? Weiblich sein und alt werden. Frauen stehen am Ende ihres Erwerbslebens h\u00e4ufig mit Renten da, die kaum das \u00dcberleben sichern. Geringere Bezahlung, Teilzeitjobs und Familienzeit fordern dann ihren Tribut. Seit 30 Jahren k\u00e4mpft Helma Sick daf\u00fcr, Frauen vor der Altersarmut zu bewahren. Bei sinkenden Renten und einem Trend zur Vollzeit-Elternschaft bei jungen Frauen ist das Thema heute aktueller denn je. &#8222;Ein Mann ist keine Altersvorsorge&#8220; hei\u00dft eines ihrer erfolgreichsten B\u00fccher. Sick ist Beraterin, Autorin, Rednerin und Finanz-Kolumnistin der Zeitschrift &#8222;Brigitte&#8220;. In der NDR Talk Show verr\u00e4t sie uns, warum Frauen Hemmungen haben, sich mit ihren Finanzen auseinander zu setzen &#8211; und wie sie das ganz einfach \u00e4ndern k\u00f6nnen.<\/p>\n","protected":false},"excerpt":{"rendered":"<p>NDR fernsehen + hr fernsehen, 22:00 Uhr &#8211; 00:10 Uhr! Moderation: Barbara Sch\u00f6neberger und Hubertus Meyer-Burckhardt!<\/p>\n","protected":false},"author":2,"featured_media":149405,"comment_status":"open","ping_status":"closed","sticky":false,"template":"","format":"standard","meta":{"_FSMCFIC_featured_image_caption":"","_FSMCFIC_featured_image_nocaption":"","_FSMCFIC_featured_image_hide":""},"categories":[27,29],"tags":[999,48],"acf":[],"_links":{"self":[{"href":"https:\/\/smago.de\/ws2\/wp-json\/wp\/v2\/posts\/149404"}],"collection":[{"href":"https:\/\/smago.de\/ws2\/wp-json\/wp\/v2\/posts"}],"about":[{"href":"https:\/\/smago.de\/ws2\/wp-json\/wp\/v2\/types\/post"}],"author":[{"embeddable":true,"href":"https:\/\/smago.de\/ws2\/wp-json\/wp\/v2\/users\/2"}],"replies":[{"embeddable":true,"href":"https:\/\/smago.de\/ws2\/wp-json\/wp\/v2\/comments?post=149404"}],"version-history":[{"count":2,"href":"https:\/\/smago.de\/ws2\/wp-json\/wp\/v2\/posts\/149404\/revisions"}],"predecessor-version":[{"id":149407,"href":"https:\/\/smago.de\/ws2\/wp-json\/wp\/v2\/posts\/149404\/revisions\/149407"}],"wp:featuredmedia":[{"embeddable":true,"href":"https:\/\/smago.de\/ws2\/wp-json\/wp\/v2\/media\/149405"}],"wp:attachment":[{"href":"https:\/\/smago.de\/ws2\/wp-json\/wp\/v2\/media?parent=149404"}],"wp:term":[{"taxonomy":"category","embeddable":true,"href":"https:\/\/smago.de\/ws2\/wp-json\/wp\/v2\/categories?post=149404"},{"taxonomy":"post_tag","embeddable":true,"href":"https:\/\/smago.de\/ws2\/wp-json\/wp\/v2\/tags?post=149404"}],"curies":[{"name":"wp","href":"https:\/\/api.w.org\/{rel}","templated":true}]}}