{"id":149281,"date":"2020-07-07T00:00:46","date_gmt":"2020-07-06T22:00:46","guid":{"rendered":"https:\/\/online.smago.de\/ws2\/?p=149281"},"modified":"2020-07-06T22:43:04","modified_gmt":"2020-07-06T20:43:04","slug":"roland-kaiser-sehen-sie-hier-den-videoclip-zu-lang-nicht-mehr-gemacht","status":"publish","type":"post","link":"https:\/\/smago.de\/ws2\/schlager\/roland-kaiser-sehen-sie-hier-den-videoclip-zu-lang-nicht-mehr-gemacht\/","title":{"rendered":"ROLAND KAISER <br>Sehen Sie HIER den Videoclip zu \u201eLang nicht mehr gemacht\u201c!"},"content":{"rendered":"<p>Der Song hat es bis auf Platz 3 der Radio Charts &#8222;Deutschland Konservativ Pop&#8220; geschafft!<br \/>\n<!--more--><\/p>\n<p>&nbsp;<\/p>\n<p>&nbsp;<\/p>\n<p style=\"text-align: justify;\">Mit seinem aktuellen Album \u201eAlles oder Dich\u201c hat ROLAND KAISER einmal mehr seinen Status als wohl erfolgreichster, beliebtester und best\u00e4ndigster Solok\u00fcnstler in der Geschichte des deutschsprachigen Schlagers unter Beweis gestellt.\u00a0Nach dem\u00a0gro\u00dfartigen Feedback von Fans und Medienpartnern\u00a0begab sich Roland Kaiser\u00a0Anfang des Jahres\u00a0erneut in die\u00a0Berliner\u00a0Hansa Studios um f\u00fcr\u00a0eine besondere Edition 2020 weitere neue\u00a0Titel aufzunehmen.\u00a0Nicht\u00a0zwingend\u00a0ein leichtes Unterfangen, nach den gro\u00dfartigen Hits wie Stark, Liebe kann uns retten, Kein Grund zu bleiben, etc. welche jeweils gro\u00dfe Aufmerksamkeit generieren konnte.<\/p>\n<p style=\"text-align: justify;\">Den Auftakt des Albums macht der von\u00a0Pop-Poet Johannes\u00a0Oerding\u00a0und Benni\u00a0Dernhoff\u00a0komponierte Titel\u00a0\u201eLang nicht mehr gemacht\u201c, mit der Roland Kaiser eine sofort mitrei\u00dfende Hymne auf das Wichtigste im Leben ver\u00f6ffentlicht: Die Zweisamkeit. Darauf, spontan zu sein. Sich endlich mal wieder Zeit f\u00fcr einander zu nehmen, sich ganz neu zu entdecken und gemeinsam die Dinge zu tun, zu denen man schon so lange nicht mehr gekommen ist.<\/p>\n<p style=\"text-align: justify;\">Am Freitag wurde zu diesem Song nun endlich das offizielle Musikvideo ver\u00f6ffentlicht &#8230;:<\/p>\n<p>&nbsp;<\/p>\n<p>&nbsp;<\/p>\n<p><iframe loading=\"lazy\" src=\"\/\/www.youtube.com\/embed\/E9Bq2Rosyjg\" width=\"560\" height=\"314\" allowfullscreen=\"allowfullscreen\"><\/iframe><\/p>\n","protected":false},"excerpt":{"rendered":"<p>Der Song hat es bis auf Platz 3 der Radio Charts &#8222;Deutschland Konservativ Pop&#8220; geschafft!<\/p>\n","protected":false},"author":2,"featured_media":149282,"comment_status":"open","ping_status":"closed","sticky":false,"template":"","format":"standard","meta":{"_FSMCFIC_featured_image_caption":"","_FSMCFIC_featured_image_nocaption":"","_FSMCFIC_featured_image_hide":""},"categories":[29],"tags":[207],"acf":[],"_links":{"self":[{"href":"https:\/\/smago.de\/ws2\/wp-json\/wp\/v2\/posts\/149281"}],"collection":[{"href":"https:\/\/smago.de\/ws2\/wp-json\/wp\/v2\/posts"}],"about":[{"href":"https:\/\/smago.de\/ws2\/wp-json\/wp\/v2\/types\/post"}],"author":[{"embeddable":true,"href":"https:\/\/smago.de\/ws2\/wp-json\/wp\/v2\/users\/2"}],"replies":[{"embeddable":true,"href":"https:\/\/smago.de\/ws2\/wp-json\/wp\/v2\/comments?post=149281"}],"version-history":[{"count":2,"href":"https:\/\/smago.de\/ws2\/wp-json\/wp\/v2\/posts\/149281\/revisions"}],"predecessor-version":[{"id":149284,"href":"https:\/\/smago.de\/ws2\/wp-json\/wp\/v2\/posts\/149281\/revisions\/149284"}],"wp:featuredmedia":[{"embeddable":true,"href":"https:\/\/smago.de\/ws2\/wp-json\/wp\/v2\/media\/149282"}],"wp:attachment":[{"href":"https:\/\/smago.de\/ws2\/wp-json\/wp\/v2\/media?parent=149281"}],"wp:term":[{"taxonomy":"category","embeddable":true,"href":"https:\/\/smago.de\/ws2\/wp-json\/wp\/v2\/categories?post=149281"},{"taxonomy":"post_tag","embeddable":true,"href":"https:\/\/smago.de\/ws2\/wp-json\/wp\/v2\/tags?post=149281"}],"curies":[{"name":"wp","href":"https:\/\/api.w.org\/{rel}","templated":true}]}}