{"id":149145,"date":"2020-07-03T00:00:05","date_gmt":"2020-07-02T22:00:05","guid":{"rendered":"https:\/\/online.smago.de\/ws2\/?p=149145"},"modified":"2020-07-02T16:56:50","modified_gmt":"2020-07-02T14:56:50","slug":"bernhard-brink-praesentiert-die-schlager-des-monats-juni-2020-heute-03-07-2020-mdr-fernsehen","status":"publish","type":"post","link":"https:\/\/smago.de\/ws2\/schlager\/bernhard-brink-praesentiert-die-schlager-des-monats-juni-2020-heute-03-07-2020-mdr-fernsehen\/","title":{"rendered":"BERNHARD BRINK pr\u00e4sentiert &#8230;: <br>&#8222;Die Schlager des Monats&#8220; &#8211; Juni (2020) &#8211; heute (03.07.2020), MDR FERNSEHEN!"},"content":{"rendered":"<p>20:15 Uhr &#8211; 21:45 Uhr! Wie gehabt k\u00f6nnen Sie das komplette Top 50 Ranking ab 21:45 Uhr auf <strong><a href=\"http:\/\/www.smago.de\">www.smago.de<\/a><\/strong> nachlesen! Zu Gast im Studio &#8230;:<br \/>\n<!--more--><\/p>\n<p>&nbsp;<\/p>\n<p>&nbsp;<\/p>\n<p style=\"text-align: justify;\">Das MDR FERNSEHEN pr\u00e4sentiert exklusiv die monatlichen nationalen Schlagercharts. Die Sendung bildet die Top 50 der Offiziellen Deutschen Schlager Album Charts ab und erz\u00e4hlt das Neueste aus der Welt des Schlagers, sie greift Trends auf &#8211; spiegelt die Schlagerszene wider und belebt sie gleicherma\u00dfen. Nat\u00fcrlich gibt es auch einen festen Platz f\u00fcr Newcomer und Neuvorstellungen.<\/p>\n<p style=\"text-align: justify;\">Pr\u00e4sentiert werden &#8222;Die Schlager des Monats&#8220; von Bernhard Brink. Als DER Schlagertitan und Schlagerexperte steht er national f\u00fcr Schlager. Bernhard Brink geh\u00f6rt seit mehr als 40 Jahren mit anhaltendem Erfolg bei Plattenverk\u00e4ufen und in den Radio Charts der Schlagerszene an wie kein Zweiter.<\/p>\n<p style=\"text-align: justify;\">Alle Daten und Fakten der monatlichen Charts finden die Schlagerfans dann sofort nach Ausstrahlung exklusiv auf <strong><a href=\"http:\/\/www.meine-schlagerwelt.de\">www.meine-schlagerwelt.de<\/a><\/strong> &#8211; das Portal wird die Sendung nicht nur begleiten, sondern mit Reporter Peter Heller auch auf dem Bildschirm pr\u00e4sent sein &#8211; und auf <strong><a href=\"http:\/\/www.smago.de\">www.smago.de<\/a><\/strong>.<\/p>\n<p>&nbsp;<\/p>\n<p style=\"text-align: justify;\"><strong>Studiog\u00e4ste diesmal:<\/strong> die Amigos sowie Christin Stark.<\/p>\n","protected":false},"excerpt":{"rendered":"<p>20:15 Uhr &#8211; 21:45 Uhr! Wie gehabt k\u00f6nnen Sie das komplette Top 50 Ranking ab 21:45 Uhr auf www.smago.de nachlesen!<\/p>\n","protected":false},"author":2,"featured_media":149146,"comment_status":"open","ping_status":"closed","sticky":false,"template":"","format":"standard","meta":{"_FSMCFIC_featured_image_caption":"","_FSMCFIC_featured_image_nocaption":"","_FSMCFIC_featured_image_hide":""},"categories":[29,39,128],"tags":[119],"acf":[],"_links":{"self":[{"href":"https:\/\/smago.de\/ws2\/wp-json\/wp\/v2\/posts\/149145"}],"collection":[{"href":"https:\/\/smago.de\/ws2\/wp-json\/wp\/v2\/posts"}],"about":[{"href":"https:\/\/smago.de\/ws2\/wp-json\/wp\/v2\/types\/post"}],"author":[{"embeddable":true,"href":"https:\/\/smago.de\/ws2\/wp-json\/wp\/v2\/users\/2"}],"replies":[{"embeddable":true,"href":"https:\/\/smago.de\/ws2\/wp-json\/wp\/v2\/comments?post=149145"}],"version-history":[{"count":3,"href":"https:\/\/smago.de\/ws2\/wp-json\/wp\/v2\/posts\/149145\/revisions"}],"predecessor-version":[{"id":149149,"href":"https:\/\/smago.de\/ws2\/wp-json\/wp\/v2\/posts\/149145\/revisions\/149149"}],"wp:featuredmedia":[{"embeddable":true,"href":"https:\/\/smago.de\/ws2\/wp-json\/wp\/v2\/media\/149146"}],"wp:attachment":[{"href":"https:\/\/smago.de\/ws2\/wp-json\/wp\/v2\/media?parent=149145"}],"wp:term":[{"taxonomy":"category","embeddable":true,"href":"https:\/\/smago.de\/ws2\/wp-json\/wp\/v2\/categories?post=149145"},{"taxonomy":"post_tag","embeddable":true,"href":"https:\/\/smago.de\/ws2\/wp-json\/wp\/v2\/tags?post=149145"}],"curies":[{"name":"wp","href":"https:\/\/api.w.org\/{rel}","templated":true}]}}