{"id":149090,"date":"2020-07-02T00:00:50","date_gmt":"2020-07-01T22:00:50","guid":{"rendered":"https:\/\/online.smago.de\/ws2\/?p=149090"},"modified":"2020-07-01T23:52:45","modified_gmt":"2020-07-01T21:52:45","slug":"dunja-rajter-ihre-cd-ich-will-das-leben-spuern-erscheint-jetzt-corona-bedingt-erst-am-5-maerz-2021","status":"publish","type":"post","link":"https:\/\/smago.de\/ws2\/schlager\/dunja-rajter-ihre-cd-ich-will-das-leben-spuern-erscheint-jetzt-corona-bedingt-erst-am-5-maerz-2021\/","title":{"rendered":"DUNJA RAJTER <br>Ihre CD &#8222;Ich will das Leben sp\u00fcr&#8217;n&#8220; erscheint jetzt &#8211; Corona bedingt &#8211; erst am 5. M\u00e4rz 2021!"},"content":{"rendered":"<p>Den Titelsong gibt es <strong><a href=\"https:\/\/dunjarajter.de\/landing-gratis-download\/\">HIER<\/a><\/strong> als Gratis-Download &#8230;:<\/p>\n<p><!--more--><\/p>\n<p>&nbsp;<\/p>\n<p style=\"text-align: justify;\">\n<p style=\"text-align: justify;\">Es hat nicht sollen sein &#8230;<\/p>\n<p style=\"text-align: justify;\">Schon einmal musste DUNJA RAJTER die Ver\u00f6ffentlichung ihrer mit gro\u00dfer Spannung erwarteten neuen CD &#8222;Ich will das Leben sp\u00fcr&#8217;n&#8220; verschieben. Leider ist auch der 7. August 2020 als Ver\u00f6ffentlichungstermin nicht mehr zu halten.<\/p>\n<p>Das Album erscheint jetzt leider erst am 5. M\u00e4rz 2021. Dann aber &#8222;richtig&#8220;, denn: Zwei Tage zuvor &#8211; am 03.03.2021 &#8211; feiert Dunja Rajter offiziell ihren (75.) Geburtstag.<\/p>\n<p style=\"text-align: justify;\">Als Vorreiter hat die Ausnahmek\u00fcnstlerin ihren Fans die gleichnamige Single als <strong>Gratis-Download (!)<\/strong> zur Verf\u00fcgung gestellt.<\/p>\n<p style=\"text-align: justify;\">Alle weiteren Einnahmen gehen an aufgrund der Corona Krise in Not geratene K\u00fcnstler*innen.<\/p>\n<p style=\"text-align: justify;\">\n<p>&nbsp;<\/p>\n<p>Sichern Sie sich <strong><a href=\"https:\/\/dunjarajter.de\/landing-gratis-download\/\">HIER<\/a><\/strong> den Gratis-Download!<\/p>\n<p>&nbsp;<\/p>\n<p>&nbsp;<\/p>\n<p><iframe loading=\"lazy\" src=\"\/\/www.youtube.com\/embed\/UsKGtKuCDKI\" width=\"560\" height=\"314\" allowfullscreen=\"allowfullscreen\" data-mce-fragment=\"1\"><\/iframe><\/p>\n<p>&nbsp;<\/p>\n<p>&nbsp;<\/p>\n<p>&nbsp;<\/p>\n<figure id=\"attachment_145324\" aria-describedby=\"caption-attachment-145324\" style=\"width: 500px\" class=\"wp-caption alignnone\"><img decoding=\"async\" loading=\"lazy\" class=\"size-full wp-image-145324\" src=\"https:\/\/online.smago.de\/ws2\/wp-content\/uploads\/2020\/04\/8b25a3f0-0de9-40dc-9953-760fbafd456d.jpg\" alt=\"\" width=\"500\" height=\"500\" srcset=\"https:\/\/smago.de\/ws2\/wp-content\/uploads\/2020\/04\/8b25a3f0-0de9-40dc-9953-760fbafd456d.jpg 500w, https:\/\/smago.de\/ws2\/wp-content\/uploads\/2020\/04\/8b25a3f0-0de9-40dc-9953-760fbafd456d-150x150.jpg 150w, https:\/\/smago.de\/ws2\/wp-content\/uploads\/2020\/04\/8b25a3f0-0de9-40dc-9953-760fbafd456d-272x272.jpg 272w, https:\/\/smago.de\/ws2\/wp-content\/uploads\/2020\/04\/8b25a3f0-0de9-40dc-9953-760fbafd456d-130x130.jpg 130w, https:\/\/smago.de\/ws2\/wp-content\/uploads\/2020\/04\/8b25a3f0-0de9-40dc-9953-760fbafd456d-445x445.jpg 445w, https:\/\/smago.de\/ws2\/wp-content\/uploads\/2020\/04\/8b25a3f0-0de9-40dc-9953-760fbafd456d-190x190.jpg 190w, https:\/\/smago.de\/ws2\/wp-content\/uploads\/2020\/04\/8b25a3f0-0de9-40dc-9953-760fbafd456d-290x290.jpg 290w\" sizes=\"(max-width: 500px) 100vw, 500px\" \/><figcaption id=\"caption-attachment-145324\" class=\"wp-caption-text\"><em>Foto-Credit: Mandorla Music<\/em><\/figcaption><\/figure>\n","protected":false},"excerpt":{"rendered":"<p>Den Titelsong gibt es HIER als Gratis-Download &#8230;:<\/p>\n","protected":false},"author":2,"featured_media":140794,"comment_status":"open","ping_status":"closed","sticky":false,"template":"","format":"standard","meta":{"_FSMCFIC_featured_image_caption":"","_FSMCFIC_featured_image_nocaption":"","_FSMCFIC_featured_image_hide":""},"categories":[29,39],"tags":[1256],"acf":[],"_links":{"self":[{"href":"https:\/\/smago.de\/ws2\/wp-json\/wp\/v2\/posts\/149090"}],"collection":[{"href":"https:\/\/smago.de\/ws2\/wp-json\/wp\/v2\/posts"}],"about":[{"href":"https:\/\/smago.de\/ws2\/wp-json\/wp\/v2\/types\/post"}],"author":[{"embeddable":true,"href":"https:\/\/smago.de\/ws2\/wp-json\/wp\/v2\/users\/2"}],"replies":[{"embeddable":true,"href":"https:\/\/smago.de\/ws2\/wp-json\/wp\/v2\/comments?post=149090"}],"version-history":[{"count":1,"href":"https:\/\/smago.de\/ws2\/wp-json\/wp\/v2\/posts\/149090\/revisions"}],"predecessor-version":[{"id":149091,"href":"https:\/\/smago.de\/ws2\/wp-json\/wp\/v2\/posts\/149090\/revisions\/149091"}],"wp:featuredmedia":[{"embeddable":true,"href":"https:\/\/smago.de\/ws2\/wp-json\/wp\/v2\/media\/140794"}],"wp:attachment":[{"href":"https:\/\/smago.de\/ws2\/wp-json\/wp\/v2\/media?parent=149090"}],"wp:term":[{"taxonomy":"category","embeddable":true,"href":"https:\/\/smago.de\/ws2\/wp-json\/wp\/v2\/categories?post=149090"},{"taxonomy":"post_tag","embeddable":true,"href":"https:\/\/smago.de\/ws2\/wp-json\/wp\/v2\/tags?post=149090"}],"curies":[{"name":"wp","href":"https:\/\/api.w.org\/{rel}","templated":true}]}}