{"id":148728,"date":"2020-06-21T00:00:59","date_gmt":"2020-06-20T22:00:59","guid":{"rendered":"https:\/\/online.smago.de\/ws2\/?p=148728"},"modified":"2020-06-20T19:38:32","modified_gmt":"2020-06-20T17:38:32","slug":"willi-herren-willi-herren-in-richtung-bundesregierung-heben-sie-die-berufsverbote-fuer-die-veranstaltungsbranche-und-viele-andere-auf","status":"publish","type":"post","link":"https:\/\/smago.de\/ws2\/party-schlager\/willi-herren-willi-herren-in-richtung-bundesregierung-heben-sie-die-berufsverbote-fuer-die-veranstaltungsbranche-und-viele-andere-auf\/","title":{"rendered":"WILLI HERREN <br>Willi Herren in Richtung Bundesregierung: &#8222;Heben Sie die Berufsverbote f\u00fcr die Veranstaltungsbranche und viele andere auf!&#8220;!"},"content":{"rendered":"<p>&#8222;Es reicht !!&#8220;, meint er in einem offenen Brief &#8230;:<br \/>\n<!--more--><\/p>\n<p>&nbsp;<\/p>\n<p>&nbsp;<\/p>\n<div class=\"\" style=\"text-align: justify;\">\n<p><em>Liebe Bundesregierung, es reicht jetzt! Berufsverbote ohne Schadenersatzzahlung und Perspektive sind nicht akzeptabel! Was f\u00e4llt Ihnen und Ihren vermeintlich geistesgest\u00f6rten Kollegen eigentlich ein, s\u00e4mtliche Veranstaltungen f\u00fcr fast ein ganzes Jahr zu verbieten!?<\/em><\/p>\n<p><em>Gleichzeitig retten Sie die Lufthansa, wo Passagiere wieder wie eh und je dicht gedr\u00e4ngt wie die Heringe stundenlang und ohne Mindestabstand nebeneinander sitzen und akzeptieren Demos mit zehntausenden Besuchern? Hat das Virus vielleicht Flugangst? Was ist mit dieser Regierung los? Was w\u00fcrden Sie denn sagen, wenn wir aufgrund der Krise die Einkommen der Politiker f\u00fcr ein Jahr auf \u201e0\u201c (in Worten &#8222;NULL&#8220;) setzen w\u00fcrden? Stattdessen wird der \u201eUnternehmerlohn\u201c in Ihrem tollen \u00dcberbr\u00fcckungspaket wieder einmal nicht ber\u00fccksichtigt und Soloselbstst\u00e4ndige, K\u00fcnstler, Freelancer und viele andere k\u00f6nnen sehen, wo sie bleiben. Das ist in etwa so als wenn Sie einem Angestellten in Kurzarbeit den Firmenwagen und das Mittagessen in der Kantine bezahlen aber nicht das Kurzarbeitergeld. Merken Sie eigentlich \u00fcberhaupt noch was?<\/em><\/p>\n<p><em>Und wenn und kein Impfstoff gefunden wird? Verzichten wir dann f\u00fcr immer auf Fussball, Konzerte, Volksfeste und alles, was Spa\u00df macht?<\/em><\/p>\n<p><em>Es sind rund 5.000 Menschen aktuell mit dem Coronavirus infiziert, die Zahl der Neuinfektionen liegt im Durchschnitt noch bei 200-300 pro Tag. Da helfen auch keine st\u00e4ndig neu berechneten R-Werte zur Aufrechterhaltung kollektiver Hysterie mehr. Wenig Infektionen sind wenig Infektionen. Und das seit Wochen &#8211; trotz &#8222;\u00d6ffnungsdiskussionsorgien&#8220;. Punkt.<\/em><\/p>\n<p><em>Heben Sie die Berufsverbote f\u00fcr die Veranstaltungsbranche und viele andere auf anstatt sie permanent zu verl\u00e4ngern und h\u00f6ren Sie endlich damit auf, unser Land noch weiter an die Wand zu fahren! Daf\u00fcr sind Sie nicht gew\u00e4hlt worden.<\/em><\/p>\n<p><em>Bei der Influenza sprach das RKI am 21. April dieses Jahres bei 500 F\u00e4llen von einer nicht mehr messbaren Zahl. Zitat: &#8222;Ihre Zahl sinkt unter die Schwelle, unter der sie noch sauber statistisch gemessen werden kann&#8220;. Bei deutlich weniger Corona-F\u00e4llen wird die Wirtschaft nach wie vor abgew\u00fcrgt und es herrscht weiterhin kollektive Panikmache auf allen Kan\u00e4len!<\/em><\/p>\n<p><em>ES REICHT!!<\/em><\/p>\n<p><em>Treten Sie am besten m\u00f6glichst schnell zur\u00fcck, \u00fcberlassen Sie die Sache endlich einmal Profis und nehmen Sie Ihren unf\u00e4higen Gesundheitsminister Herrn Spahn und Heiko, den &#8222;Maaslosen&#8220; gleich mit! Dann h\u00e4tte unser Land wenigstens noch eine kleine Chance.<\/em><\/p>\n<\/div>\n","protected":false},"excerpt":{"rendered":"<p>&#8222;Es reicht !!&#8220;, meint er in einem offenen Brief &#8230;:<\/p>\n","protected":false},"author":2,"featured_media":148729,"comment_status":"open","ping_status":"closed","sticky":false,"template":"","format":"standard","meta":{"_FSMCFIC_featured_image_caption":"","_FSMCFIC_featured_image_nocaption":"","_FSMCFIC_featured_image_hide":""},"categories":[26,39],"tags":[102],"acf":[],"_links":{"self":[{"href":"https:\/\/smago.de\/ws2\/wp-json\/wp\/v2\/posts\/148728"}],"collection":[{"href":"https:\/\/smago.de\/ws2\/wp-json\/wp\/v2\/posts"}],"about":[{"href":"https:\/\/smago.de\/ws2\/wp-json\/wp\/v2\/types\/post"}],"author":[{"embeddable":true,"href":"https:\/\/smago.de\/ws2\/wp-json\/wp\/v2\/users\/2"}],"replies":[{"embeddable":true,"href":"https:\/\/smago.de\/ws2\/wp-json\/wp\/v2\/comments?post=148728"}],"version-history":[{"count":2,"href":"https:\/\/smago.de\/ws2\/wp-json\/wp\/v2\/posts\/148728\/revisions"}],"predecessor-version":[{"id":148731,"href":"https:\/\/smago.de\/ws2\/wp-json\/wp\/v2\/posts\/148728\/revisions\/148731"}],"wp:featuredmedia":[{"embeddable":true,"href":"https:\/\/smago.de\/ws2\/wp-json\/wp\/v2\/media\/148729"}],"wp:attachment":[{"href":"https:\/\/smago.de\/ws2\/wp-json\/wp\/v2\/media?parent=148728"}],"wp:term":[{"taxonomy":"category","embeddable":true,"href":"https:\/\/smago.de\/ws2\/wp-json\/wp\/v2\/categories?post=148728"},{"taxonomy":"post_tag","embeddable":true,"href":"https:\/\/smago.de\/ws2\/wp-json\/wp\/v2\/tags?post=148728"}],"curies":[{"name":"wp","href":"https:\/\/api.w.org\/{rel}","templated":true}]}}