{"id":148723,"date":"2020-06-21T00:00:12","date_gmt":"2020-06-20T22:00:12","guid":{"rendered":"https:\/\/online.smago.de\/ws2\/?p=148723"},"modified":"2020-06-20T19:38:51","modified_gmt":"2020-06-20T17:38:51","slug":"christin-stark-matthias-reim-und-sie-wir-sind-wirklich-ein-arsch-und-ein-eimer-matthias-reim-und-sie","status":"publish","type":"post","link":"https:\/\/smago.de\/ws2\/pop-schlager\/christin-stark-matthias-reim-und-sie-wir-sind-wirklich-ein-arsch-und-ein-eimer-matthias-reim-und-sie\/","title":{"rendered":"CHRISTIN STARK <br>Matthias Reim und sie: &#8222;Wir sind wirklich ein Arsch und ein Eimer!&#8220; &#8211; Matthias Reim und sie!"},"content":{"rendered":"<p>In der MDR-Talkshow &#8222;Riverboat&#8220; legte sie au\u00dferdem Wert darauf,\u00a0&#8222;vom Herzen her immer ein Ossi-Kind&#8220; zu bleiben &#8230;:<br \/>\n<!--more--><\/p>\n<p>&nbsp;<\/p>\n<p>&nbsp;<\/p>\n<div class=\"\">\n<div class=\"\">\n<p><b class=\"\">Kim Fisher: Eure Anf\u00e4nge, die von Matthias Reim und Dir, waren gar nicht so einfach, oder?<\/b><\/p>\n<p>&nbsp;<\/p>\n<\/div>\n<div class=\"\">Ich hatte keine Ahnung. Mit 23 Jahren sich in einen Menschen zu verlieben, der so viel Trubel und \u00f6ffentliches Interesse weckt &#8211; das war mir \u00fcberhaupt nicht klar. Ich habe da auch nicht dr\u00fcber nachgedacht. Ich fand den Typen toll. Ich meine, schaut ihn euch an: Riesensympath, riesiges Herz, ein sehr weiser und erfahrener Mann. Liebe passiert ja. Dar\u00fcber habe ich einfach nicht nachgedacht. Ich w\u00fcrde jeden Schritt wieder so gehen.<\/div>\n<div class=\"\">Wir sind in eine klassische Schublade geschoben worden, uns trennen 32 Jahre. Matthias ist sehr jung im Herzen. Wir haben so das perfekte Bild dargestellt f\u00fcr Fantasien, wie man es nicht machen sollte. Und nun sind wir schon sieben Jahre zusammen.<\/div>\n<div class=\"\"><\/div>\n<div class=\"\">\n<p><b class=\"\">Kim Fisher: Wir haben hier ein Foto von Dir und Matthias, ihr tragt ja ein Liebestattoo beide, oder?<\/b><\/p>\n<p>&nbsp;<\/p>\n<\/div>\n<div class=\"\">Wir haben die gleichen Ziele, die selben Vorstellungen vom Leben, beruflich wie privat, wir sind wirklich ein Arsch und ein Eimer. Und wir haben uns wahrscheinlich gedacht, wir heiraten nicht, wir machen uns ein Tattoo, wir sind Rock`n Roller. Und das Tattoo geht definitiv nicht mehr weg (lacht).<\/div>\n<div class=\"\"><\/div>\n<div class=\"\">\n<p><b class=\"\">Kim Fisher: Du bist ja auch so eine Schrebergarten-Tochter. Was ist das Besondere an dieser Zeit f\u00fcr Dich?<\/b><\/p>\n<p>&nbsp;<\/p>\n<\/div>\n<div class=\"\">Ich bin ja mit sehr viel Liebe aufgewachsen, mit meiner Mama und meiner Oma, beide totale Powerfrauen. Ich wei\u00df heute, was es bedeutet, geliebt zu werden. Die Zeit im Schrebergarten war einfach ehrlich. Da hat man genossen, was man hat. Da war es nicht der sch\u00f6ne, gro\u00dfe rote Apfel aus dem Supermarkt. Sondern der geerdete Apfel vom Baum. Und es waren die besten \u00c4pfel. Und meine Oma ist da so aufgebl\u00fcht und hat gebuddelt. Roy Black und Claudia Jung liefen rauf und runter. Deshalb liebe ich heute die Musik, die ich mache. Es war ein riesengro\u00dfer Spielplatz f\u00fcr mich und ich fand es ganz toll.<\/div>\n<div class=\"\"><\/div>\n<div class=\"\">\n<p><b class=\"\">Kim Fisher: Du lebst ja schon lange am Bodensee. Dein Herz, wo ist es?<\/b><\/p>\n<p>&nbsp;<\/p>\n<\/div>\n<div class=\"\">Das ist eine gute Frage. Ich bin vom Herzen her immer ein Ossi-Kind. Wirklich. Da ist meine Heimat, da schl\u00e4gt mein Herz und das wird immer so bleiben. Dennoch habe ich zwei Zuhause. Und das ist wahrscheinlich sogar sch\u00f6n. Einmal der Norden und der S\u00fcden. Ich wei\u00df definitiv, wie gro\u00df Deutschland ist. Ich kann jederzeit in den Norden zur\u00fcck gehen und sagen: Hallo Familie.<\/div>\n<\/div>\n","protected":false},"excerpt":{"rendered":"<p>In der MDR-Talkshow &#8222;Riverboat&#8220; legte sie au\u00dferdem Wert darauf,\u00a0&#8222;vom Herzen her immer ein Ossi-Kind&#8220; zu bleiben &#8230;:<\/p>\n","protected":false},"author":2,"featured_media":146618,"comment_status":"open","ping_status":"closed","sticky":false,"template":"","format":"standard","meta":{"_FSMCFIC_featured_image_caption":"","_FSMCFIC_featured_image_nocaption":"","_FSMCFIC_featured_image_hide":""},"categories":[28],"tags":[329],"acf":[],"_links":{"self":[{"href":"https:\/\/smago.de\/ws2\/wp-json\/wp\/v2\/posts\/148723"}],"collection":[{"href":"https:\/\/smago.de\/ws2\/wp-json\/wp\/v2\/posts"}],"about":[{"href":"https:\/\/smago.de\/ws2\/wp-json\/wp\/v2\/types\/post"}],"author":[{"embeddable":true,"href":"https:\/\/smago.de\/ws2\/wp-json\/wp\/v2\/users\/2"}],"replies":[{"embeddable":true,"href":"https:\/\/smago.de\/ws2\/wp-json\/wp\/v2\/comments?post=148723"}],"version-history":[{"count":2,"href":"https:\/\/smago.de\/ws2\/wp-json\/wp\/v2\/posts\/148723\/revisions"}],"predecessor-version":[{"id":148732,"href":"https:\/\/smago.de\/ws2\/wp-json\/wp\/v2\/posts\/148723\/revisions\/148732"}],"wp:featuredmedia":[{"embeddable":true,"href":"https:\/\/smago.de\/ws2\/wp-json\/wp\/v2\/media\/146618"}],"wp:attachment":[{"href":"https:\/\/smago.de\/ws2\/wp-json\/wp\/v2\/media?parent=148723"}],"wp:term":[{"taxonomy":"category","embeddable":true,"href":"https:\/\/smago.de\/ws2\/wp-json\/wp\/v2\/categories?post=148723"},{"taxonomy":"post_tag","embeddable":true,"href":"https:\/\/smago.de\/ws2\/wp-json\/wp\/v2\/tags?post=148723"}],"curies":[{"name":"wp","href":"https:\/\/api.w.org\/{rel}","templated":true}]}}