{"id":148621,"date":"2020-06-19T00:00:02","date_gmt":"2020-06-18T22:00:02","guid":{"rendered":"https:\/\/online.smago.de\/ws2\/?p=148621"},"modified":"2020-06-18T12:48:28","modified_gmt":"2020-06-18T10:48:28","slug":"isabel-varell-rolando-vollazon-u-a-heute-19-06-2020-in-der-ndr-talk-show-zu-gast","status":"publish","type":"post","link":"https:\/\/smago.de\/ws2\/schlager\/isabel-varell-rolando-vollazon-u-a-heute-19-06-2020-in-der-ndr-talk-show-zu-gast\/","title":{"rendered":"ISABEL VARELL, ROLANDO VOLLAZ\u00d3N u.a. <br>Heute (19.06.2020) in der &#8222;NDR Talk Show&#8220; zu Gast!"},"content":{"rendered":"<p>NDR fernsehen + hr fernsehen, 22:00 Uhr &#8211; 00:00 Uhr! Moderation:\u00a0Barbara Sch\u00f6neberger und Hubertus Meyer-Burckhardt!<br \/>\n<!--more--><\/p>\n<p>&nbsp;<\/p>\n<p style=\"text-align: justify;\">\n<p style=\"text-align: justify;\">\n<p style=\"text-align: justify;\">\n<h3 style=\"text-align: justify;\">Rolando Villaz\u00f3n, S\u00e4nger und Autor<\/h3>\n<div class=\"contentimage w50\" style=\"text-align: justify;\"><\/div>\n<p style=\"text-align: justify;\">Er hat Temperament, Humor, ein gro\u00dfes Herz und eine gro\u00dfe Stimme. Star-Tenor Rolando Villaz\u00f3n ist ein wahres Multitalent. Er ist Moderator, Romanautor, Opernregisseur, Comiczeichner &#8211; aber vor allem eins: immer noch einer der gr\u00f6\u00dften Ten\u00f6re der Welt. Der geb\u00fcrtige Mexikaner will mit seiner Musik Br\u00fccken bauen zwischen Generationen und Nationen, zwischen Unterhaltung und Klassik. Auch mit seinen Romanen l\u00e4sst er sich kaum in eine Schublade pressen &#8211; literarisch immer auf hohem Niveau, will er auch mit seinen Romanen sowohl unterhalten als auch zum Innehalten anregen. Nach &#8222;Kunstst\u00fccke&#8220; und &#8222;Lebensk\u00fcnstler&#8220; erscheint nun 2020 sein dritter Roman.<\/p>\n<p>&nbsp;<\/p>\n<p>&nbsp;<\/p>\n<p>&nbsp;<\/p>\n<p>&nbsp;<\/p>\n<h3 style=\"text-align: justify;\">Isabel Varell, S\u00e4ngerin, Schauspielerin und Moderatorin<\/h3>\n<div class=\"contentimage w50\" style=\"text-align: justify;\"><\/div>\n<p style=\"text-align: justify;\">Sie ist die Strahlefrau im deutschen Fernsehen, doch das war nicht immer so. Erst mit Anfang 20 begann sie sich selbst zu lieben. Das war auch die Zeit, in der sie sich ihren Kindheitstraum erf\u00fcllte und ihren ersten Plattenvertrag unterschrieb. Heute ist die vielseitige Entertainerin nicht nur als S\u00e4ngerin, sondern auch als Schauspielerin, Autorin und Moderatorin t\u00e4tig. Namhaften Produzenten wie Jack White, Thomas Andres und Klaus Lage, begleiteten ihre musikalische Laufbahn. Seit \u00fcber zehn Jahren textet sie ihre Lieder selber und das Schreiben, was zun\u00e4chst nur f\u00fcr sie selbst gedacht war, entwickelte sich immer mehr und f\u00fchrte zu dem Bestseller &#8222;Mittlere Reife&#8220;. Hier blickt sie auf pr\u00e4gende Lebenssituationen zur\u00fcck, sei es die Ehe mit Drafi Deutscher, ihre Teilnahme am Dschungelcamp oder ihr ehrenamtliches Engagement im Hospiz. Jetzt hat sie ihre Lebenserfahrungen aus s\u00e4mtlichen Bereichen in einem neuen Album verarbeitet: &#8222;Eine Tasse Tee&#8220;. Zu einer Tasse Tee bitten wir das Allround-Talent in der NDR Talk Show.<\/p>\n<p>&nbsp;<\/p>\n<p>&nbsp;<\/p>\n<p>&nbsp;<\/p>\n<p>&nbsp;<\/p>\n<h3 style=\"text-align: justify;\">Sven Pl\u00f6ger, Meteorologe<\/h3>\n<div class=\"contentimage w50\" style=\"text-align: justify;\"><\/div>\n<p style=\"text-align: justify;\">Der Meteorologe Sven Pl\u00f6ger besch\u00e4ftigt sich seit Jahren mit dem Klimawandel. Sein Credo lautet: &#8222;Ideologie raus, Sachverstand rein.&#8220; Schl\u00fcsselerlebnis war der Sturm Lothar, als er sah, wie vor seinen Augen ein ganzer Wald umknickte. &#8222;Zieht euch warm an, es wird hei\u00df&#8220;, hei\u00dft sein neuestes Buchprojekt, das im Juni erscheinen wird. Bevor Corona alle anderen relevanten gesellschaftlichen Themen von heute auf morgen wegfegte, gab es eines, das die Nachrichten dominierte, viele Menschen besch\u00e4ftigte und nicht nur in Deutschland sondern weltweit kontrovers diskutiert wurde: der Klimawandel und seine Folgen. Hitzerekorde weltweit, extreme Trockenperioden, gro\u00dffl\u00e4chige Waldbr\u00e4nde von Alaska bis in die Tropen. Der Klimawandel wird greifbar und ist zur Herausforderung des 21. Jahrhunderts geworden. In der NDR Talk Show erkl\u00e4rt der beliebte Wettermoderator warum die Besch\u00e4ftigung mit dem Klimawandel auch in Zeiten von Corona von gro\u00dfer Bedeutung ist und er gibt Tipps, was wir selbst in unserem Alltag tun k\u00f6nnen, um Schlimmstes zu verhindern.<\/p>\n<p>&nbsp;<\/p>\n<p>&nbsp;<\/p>\n<p>&nbsp;<\/p>\n<p>&nbsp;<\/p>\n<h3 style=\"text-align: justify;\">Ilse DeLange, S\u00e4ngerin<\/h3>\n<div class=\"contentimage w50\" style=\"text-align: justify;\"><\/div>\n<p style=\"text-align: justify;\">Eins muss man ihr lassen &#8211; diese Frau ist f\u00fcr \u00dcberraschungen gut! Bei &#8222;Sing meinen Song&#8220; 2020 begeistert Ilse DeLange, die sich selbst als &#8222;Underdog&#8220; der Gruppe bezeichnet, sowohl Zuschauende als auch Mitsingende. Am 23. Juni l\u00e4uft die letzte Folge des &#8222;Tauschkonzerts&#8220;, in der die teilnehmenden Stars wie Michael Patrick Kelly, Max Giesinger, Nico Santos u.a. Duette pr\u00e4sentieren werden. Verbl\u00fcfft hat Ilse auch vor sechs Jahren vor einem noch viel gr\u00f6\u00dferen Publikum. Beim &#8222;Eurovision Song Contest&#8220; 2014 belegte sie mit ihrer Band &#8222;The Common Linnets&#8220; und dem Titel &#8222;Calm After The Storm&#8220; v\u00f6llig unerwartet den zweiten Platz hinter Conchita Wurst. Ein riesiger Erfolg f\u00fcr die Musikerin, die mit sieben Jahren die Bretter, die die Welt bedeuten, erstmalig betreten hat. Die 1977 in den Niederlanden geborene S\u00e4ngerin lernte n\u00e4mlich schon im Kindesalter das Gitarrespielen und schrieb als Teenager ihre ersten eigenen Songs. Im Alter von 20 Jahren unterschrieb sie ihren ersten Plattenvertrag und reiste nach Nashville in den USA, um dort ihr Country-Deb\u00fctalbum &#8222;World of Hurt&#8220; aufzunehmen. In ihrer Heimat schaffte sie damit 1998 den gro\u00dfen Durchbruch. In die NDR Talk Show kommt Ilse mit ihrem neuen Album &#8222;Changes&#8220; und von Ver\u00e4nderungen wei\u00df die 43-J\u00e4hrige wirklich jede Menge. Einerseits kennt sie die Ups and Downs des Musikgesch\u00e4fts, andererseits hat sie auch famili\u00e4r einige H\u00fcrden erlebt. Vor acht Jahren verstarb ihr Vater, den sie nicht nur im Leben, sondern auch im Tod begleitet hat. Eine emotionale Herausforderung. Eine Konstante ist ihr Freund Bart: Sie teilen nicht nur Haus und Hof, sondern auch B\u00fchne und Business! Seit 20 Jahren sind sie sowohl ein Paar als auch Bandkollegen. Konkurrenzdenken? Fehlanzeige. &#8222;Ins Rampenlicht will nur ich, er steht gerne im Hintergrund. Das l\u00e4uft also&#8220;, sagt Ilse DeLange.<\/p>\n<p>&nbsp;<\/p>\n<p>&nbsp;<\/p>\n<p>&nbsp;<\/p>\n<p>&nbsp;<\/p>\n<h3 style=\"text-align: justify;\">Mark Waschke, Schauspieler<\/h3>\n<div class=\"contentimage w50\" style=\"text-align: justify;\"><\/div>\n<p style=\"text-align: justify;\">Kriminalhauptkommissar Robert Karow ist definitiv kein Freund und Helfer. Er behandelt seine Kollegen wie Dreck, br\u00fcllt auch Zeugen gern mal an und findet sich selbst einfach zu cool f\u00fcr diese Welt. Ein echter Macho halt. Mark Waschke, der den bisexuellen &#8222;Tatort&#8220;-Kommissar Karow seit 2015 spielt, versteht sich bestens auf Rollen dieser Art. Als Sch\u00fcler fand er in der Stadtbibliothek in Saarbr\u00fccken ein Handbuch zur Schauspielausbildung, herausgegeben von der Schauspielschule Ernst Busch in Ostberlin. Schon damals wollte er am liebsten dort studieren, allerdings stand damals noch die Mauer. Nach dem Abitur zog Mark Waschke dann nach Berlin und begann ein Philosophiestudium. 1995 bekam er schlie\u00dflich einen Platz auf der Ernst-Busch-Schule. Sein Jahrgang wird auch als der &#8222;Goldene&#8220; bezeichnet, da er so erfolgreiche Schauspieler wie Lars Eidinger, Fritzi Haberlandt, Devid Striesow und Nina Hoss hervorbrachte. Es folgten Engagements an den f\u00fchrenden deutschen Theater, u. a. dem Maxim-Gorki-Theater Berlin. Seinen ersten Kinofilm drehte Mark Waschke relativ sp\u00e4t, mit 35 Jahren. Der Durchbruch gelang ihm als Thomas Buddenbrook in der Kinoverfilmung &#8222;Die Buddenbrooks&#8220;. In deutschen Top-Serien ist Mark Waschke aktuell pr\u00e4sent wie kaum ein Zweiter, spielte in den mit dem Grimme-Preis ausgezeichneten Serien &#8222;The Wall&#8220; und &#8222;Dark&#8220; mit und ist jetzt in dem Kinofilm &#8222;Der Geburtstag&#8220; zu sehen. Der 48-J\u00e4hrige, der ein Zitat von Rosa Luxemburg auf den R\u00fccken t\u00e4towiert hat, spielt darin an der Seite von Anne Ratte-Polle einen gestressten Teilzeit-Vater, der \u00fcber Nacht erkennt, was f\u00fcr ihn wirklich wichtig ist: sein eigener Sohn.<\/p>\n<p>&nbsp;<\/p>\n<p>&nbsp;<\/p>\n<p>&nbsp;<\/p>\n<p>&nbsp;<\/p>\n<h3 style=\"text-align: justify;\">Veuve Noire, Die Olivia Jones-Familienbotschafterin und Drag<\/h3>\n<div class=\"contentimage w50\" style=\"text-align: justify;\"><\/div>\n<p style=\"text-align: justify;\">Vielfalt, Toleranz und Respekt &#8211; das ist es, wof\u00fcr die Hamburger Drag Veuve Noire, b\u00fcrgerlich Henrik Schmidt, steht. Als offizielle &#8222;Familienbotschafterin&#8220; der Olivia Jones Familie ist Noire im Rahmen des Projekts &#8222;Olivia macht Schule&#8220; bundesweit in Schulen und Kitas unterwegs, um aufzukl\u00e4ren. Selbst einst Opfer von Mobbing, erz\u00e4hlt die Botschafterin in Vortr\u00e4gen und Diskussionsrunden Kindern und Jugendlichen, sowie Eltern, Lehrenden und Erziehenden, welche Folgen Ausgrenzung und Homophobie haben k\u00f6nnen und wie eine Kultur der freien Entfaltung entsteht. Veuve Noire ist aber nicht nur in Kitas, Schulen oder auf Kongressen im Einsatz. Als Kult Kieztour-Guide f\u00fchrt die 36-J\u00e4hrige Neugierige durch Hamburgs Stadtteil St. Pauli, wo St. Joseph Kirche und Olivia Jones Bar Seite an Seite existieren. F\u00fcr Kurs- und Abschlussklassen gibt Noire zudem in sogenannten Bildungs-Kieztouren &#8222;Nachhilfe vor Ort&#8220;, beispielweise dar\u00fcber wie die &#8222;Gro\u00dfe Freiheit&#8220; zu ihrem Namen kam. Entstanden ist das Projekt &#8222;Olivia macht Schule&#8220; 2019 nach ersten Lesungen aus Olivia Jones Kinderbuch &#8222;Keine Angst in Andersrum&#8220; (2015), Vortr\u00e4gen und Diskussionsrunden, unter anderem beim Deutschen Schulleiterkongress und beim Sch\u00f6neberger Forum des DGB. Warum Anderssein auch heute noch vielerorts und in weiten Teilen der Gesellschaft ein Problem darstellt und wie die Olivia Jones Familie versucht, aktiv aufzukl\u00e4ren und Mut zu machen, dar\u00fcber spricht Veuve Noire in der NDR Talk Show.<\/p>\n<p>&nbsp;<\/p>\n<p>&nbsp;<\/p>\n<p>&nbsp;<\/p>\n<p>&nbsp;<\/p>\n<h3 style=\"text-align: justify;\">Falco Punch, Social-Media-Star und Musiker<\/h3>\n<div class=\"contentimage w50\" style=\"text-align: justify;\"><\/div>\n<p style=\"text-align: justify;\">Sein K\u00fcnstlername ist Falco Punch, er ist 24 Jahre alt, kommt aus einem Dorf in Schleswig-Holstein und ist eigentlich gelernter Tischler. Im Internet aber ist er ein Megastar: Er hat 8,6 Millionen Follower auf der Social Media Plattform &#8222;TikTok&#8220;, der weltweit f\u00fchrenden Plattform f\u00fcr mobile Kurzvideos. Damit ist Falco Punch nicht nur der erfolgreichste &#8222;TikToker&#8220; Deutschlands, sondern z\u00e4hlt auch im internationalen Ranking zu den Top 10 der beliebtesten Nutzer*innen in ganz Europa. Falco Punch startete seine Karriere im Alter von 19 auf der App &#8222;Musical.ly&#8220;. Die war f\u00fcr kurze Clips bekannt, in denen vor allem Teenager ihre Lippen zu bekannten Songs bewegten. 2017 wurde aus &#8222;Musical.ly&#8220; &#8222;TikTok&#8220;. In den 15-sek\u00fcndigen Videos, von denen der Norddeutsche durchschnittlich zwei in der Woche ver\u00f6ffentlicht, steckt viel Arbeit: sechs bis zw\u00f6lf Stunden dauert es, bis ein Clip fertig ist. Seit kurzem macht Falco Punch auch Musik. Gerade ist sein erster Song &#8222;1-2-3 Floor&#8220; erschienen, den er mit niemand Geringerem als Dieter Bohlen live im Internet vorstellte.<\/p>\n","protected":false},"excerpt":{"rendered":"<p>NDR fernsehen + hr fernsehen, 22:00 Uhr &#8211; 00:00 Uhr! Moderation:\u00a0Barbara Sch\u00f6neberger und Hubertus Meyer-Burckhardt!<\/p>\n","protected":false},"author":2,"featured_media":148622,"comment_status":"open","ping_status":"closed","sticky":false,"template":"","format":"standard","meta":{"_FSMCFIC_featured_image_caption":"","_FSMCFIC_featured_image_nocaption":"","_FSMCFIC_featured_image_hide":""},"categories":[29,128],"tags":[254],"acf":[],"_links":{"self":[{"href":"https:\/\/smago.de\/ws2\/wp-json\/wp\/v2\/posts\/148621"}],"collection":[{"href":"https:\/\/smago.de\/ws2\/wp-json\/wp\/v2\/posts"}],"about":[{"href":"https:\/\/smago.de\/ws2\/wp-json\/wp\/v2\/types\/post"}],"author":[{"embeddable":true,"href":"https:\/\/smago.de\/ws2\/wp-json\/wp\/v2\/users\/2"}],"replies":[{"embeddable":true,"href":"https:\/\/smago.de\/ws2\/wp-json\/wp\/v2\/comments?post=148621"}],"version-history":[{"count":1,"href":"https:\/\/smago.de\/ws2\/wp-json\/wp\/v2\/posts\/148621\/revisions"}],"predecessor-version":[{"id":148623,"href":"https:\/\/smago.de\/ws2\/wp-json\/wp\/v2\/posts\/148621\/revisions\/148623"}],"wp:featuredmedia":[{"embeddable":true,"href":"https:\/\/smago.de\/ws2\/wp-json\/wp\/v2\/media\/148622"}],"wp:attachment":[{"href":"https:\/\/smago.de\/ws2\/wp-json\/wp\/v2\/media?parent=148621"}],"wp:term":[{"taxonomy":"category","embeddable":true,"href":"https:\/\/smago.de\/ws2\/wp-json\/wp\/v2\/categories?post=148621"},{"taxonomy":"post_tag","embeddable":true,"href":"https:\/\/smago.de\/ws2\/wp-json\/wp\/v2\/tags?post=148621"}],"curies":[{"name":"wp","href":"https:\/\/api.w.org\/{rel}","templated":true}]}}