{"id":148615,"date":"2020-06-19T00:00:31","date_gmt":"2020-06-18T22:00:31","guid":{"rendered":"https:\/\/online.smago.de\/ws2\/?p=148615"},"modified":"2020-06-18T12:36:13","modified_gmt":"2020-06-18T10:36:13","slug":"michael-patrick-kelly-heute-19-06-2020-wdr-fernsehen-michael-patrick-kellys-lockdown-konzert-im-koelner-dom","status":"publish","type":"post","link":"https:\/\/smago.de\/ws2\/pop\/michael-patrick-kelly-heute-19-06-2020-wdr-fernsehen-michael-patrick-kellys-lockdown-konzert-im-koelner-dom\/","title":{"rendered":"MICHAEL PATRICK KELLY <br>Heute (19.06.2020), WDR Fernsehen: &#8222;Michael Patrick Kellys Lockdown-Konzert im K\u00f6lner Dom&#8220;!"},"content":{"rendered":"<p>23:30 Uhr &#8211; 00:00 Uhr!<br \/>\n<!--more--><\/p>\n<p>&nbsp;<\/p>\n<p style=\"text-align: justify;\">\n<p style=\"text-align: justify;\">Ostern im April 2020. Die Welt steht still, viele L\u00e4nder befinden sich im Lockdown. Auch in Deutschland sind Gesch\u00e4fte und Schulen geschlossen. MICHAEL PATRICK KELLY erh\u00e4lt die Einladung des K\u00f6lner Dompropstes Gerd Bachner, in der im UNESCO-Weltkulturerbe eingetragenen Kathedrale ein Konzert zu geben. Alleine und ohne Publikum. Das Domportal bleibt verriegelt.<\/p>\n<p>Mit Songs wie &#8222;Knocking On Heaven&#8217;s Door&#8220; (Bob Dylan) oder &#8222;Motherless Child&#8220; (Spiritual), sowie eigenen Kompositionen &#8211; darunter auch spirituelle Songs aus seiner Klosterzeit &#8211; m\u00f6chte der Pop-\/Rockmusiker und Friedensaktivist die aktuellen Fragen, \u00c4ngste, das Leid und die Sehnsucht vieler Menschen zum Ausdruck bringen und ein Zeichen der Hoffnung setzen.<\/p>\n<p>&#8222;Es war sehr bewegend, in dieser leeren Kathedrale zu singen, in der sonst t\u00e4glich 30.000 Besucher ein und aus gehen&#8220;, sagt Michael Patrick Kelly. &#8222;Ich wollte in die Stimmungslage von Zukunfts\u00e4ngsten und sozialer Isolation ein Zeichen der Hoffnung setzen und bin den Vertretern des K\u00f6lner Doms sehr dankbar f\u00fcr diese M\u00f6glichkeit&#8220;, so der Musiker.<\/p>\n<p>Dazu hat er zwei musikalische G\u00e4ste eingeladen: Rapper MoTrip und Metal S\u00e4ngerin Jennifer Haben (Beyond The Black) performten auf dem Dach des K\u00f6lner Doms, um die r\u00e4umliche Distanz zu wahren. W\u00e4hrenddessen bleibt Michael Patrick Kelly alleine im Dom mit seiner E-Gitarre, Loop-Station und einem Fl\u00fcgel &#8211; es entstehen Duette mit spektakul\u00e4rem Bildwechsel.<\/p>\n","protected":false},"excerpt":{"rendered":"<p>23:30 Uhr &#8211; 00:00 Uhr!<\/p>\n","protected":false},"author":2,"featured_media":148616,"comment_status":"open","ping_status":"closed","sticky":false,"template":"","format":"standard","meta":{"_FSMCFIC_featured_image_caption":"","_FSMCFIC_featured_image_nocaption":"","_FSMCFIC_featured_image_hide":""},"categories":[27,128],"tags":[641],"acf":[],"_links":{"self":[{"href":"https:\/\/smago.de\/ws2\/wp-json\/wp\/v2\/posts\/148615"}],"collection":[{"href":"https:\/\/smago.de\/ws2\/wp-json\/wp\/v2\/posts"}],"about":[{"href":"https:\/\/smago.de\/ws2\/wp-json\/wp\/v2\/types\/post"}],"author":[{"embeddable":true,"href":"https:\/\/smago.de\/ws2\/wp-json\/wp\/v2\/users\/2"}],"replies":[{"embeddable":true,"href":"https:\/\/smago.de\/ws2\/wp-json\/wp\/v2\/comments?post=148615"}],"version-history":[{"count":1,"href":"https:\/\/smago.de\/ws2\/wp-json\/wp\/v2\/posts\/148615\/revisions"}],"predecessor-version":[{"id":148617,"href":"https:\/\/smago.de\/ws2\/wp-json\/wp\/v2\/posts\/148615\/revisions\/148617"}],"wp:featuredmedia":[{"embeddable":true,"href":"https:\/\/smago.de\/ws2\/wp-json\/wp\/v2\/media\/148616"}],"wp:attachment":[{"href":"https:\/\/smago.de\/ws2\/wp-json\/wp\/v2\/media?parent=148615"}],"wp:term":[{"taxonomy":"category","embeddable":true,"href":"https:\/\/smago.de\/ws2\/wp-json\/wp\/v2\/categories?post=148615"},{"taxonomy":"post_tag","embeddable":true,"href":"https:\/\/smago.de\/ws2\/wp-json\/wp\/v2\/tags?post=148615"}],"curies":[{"name":"wp","href":"https:\/\/api.w.org\/{rel}","templated":true}]}}