{"id":148566,"date":"2020-06-17T09:57:43","date_gmt":"2020-06-17T07:57:43","guid":{"rendered":"https:\/\/online.smago.de\/ws2\/?p=148566"},"modified":"2020-06-17T09:59:11","modified_gmt":"2020-06-17T07:59:11","slug":"smago-informiert-grossveranstaltungen-bleiben-bis-mindestens-ende-oktober-2020-verboten","status":"publish","type":"post","link":"https:\/\/smago.de\/ws2\/smago-informiert\/smago-informiert-grossveranstaltungen-bleiben-bis-mindestens-ende-oktober-2020-verboten\/","title":{"rendered":"smago! INFORMIERT <br>Gro\u00dfveranstaltungen bleiben bis mindestens Ende Oktober 2020 verboten!"},"content":{"rendered":"<p>Gleiches gilt f\u00fcr Volksfeste, Sch\u00fctzenfeste oder Kirmes-Veranstaltungen!<br \/>\n<!--more--><\/p>\n<p>&nbsp;<\/p>\n<p>&nbsp;<\/p>\n<p style=\"text-align: justify;\">Zwischenzeitlich gibt es ein neues &#8222;Regierungspapier&#8220; zu den Corona Ma\u00dfnahmen.<\/p>\n<p style=\"text-align: justify;\">Darin hei\u00dft es u. a.:<\/p>\n<p style=\"text-align: justify;\"><em>&#8222;Gro\u00dfveranstaltungen wie Volksfeste, Sch\u00fctzenfeste oder Kirmes-Veranstaltungen seien aktuell weiterhin nicht m\u00f6glich. Insbesondere gro\u00dfe Freizeit-Events, bei denen Kontaktverfolgung und Hygienema\u00dfnahmen nicht m\u00f6glich sind, sollen mindestens bis Ende Oktober 2020 nicht stattfinden.&#8220;<br \/>\n<\/em><br \/>\nAch ja. Und <em>&#8222;Mindestabst\u00e4nde, Hygienema\u00dfnahmen, bestehende Kontaktbeschr\u00e4nkungen und Maskenpflicht in einigen \u00f6ffentlichen Bereichen, insbesondere im \u00f6ffentlichen Personenverkehr und im Einzelhandel, sollen bestehen bleiben.&#8220;<\/em> &#8230;<\/p>\n","protected":false},"excerpt":{"rendered":"<p>Gleiches gilt f\u00fcr Volksfeste, Sch\u00fctzenfeste oder Kirmes-Veranstaltungen!<\/p>\n","protected":false},"author":2,"featured_media":51685,"comment_status":"open","ping_status":"closed","sticky":false,"template":"","format":"standard","meta":{"_FSMCFIC_featured_image_caption":"","_FSMCFIC_featured_image_nocaption":"","_FSMCFIC_featured_image_hide":""},"categories":[33],"tags":[60],"acf":[],"_links":{"self":[{"href":"https:\/\/smago.de\/ws2\/wp-json\/wp\/v2\/posts\/148566"}],"collection":[{"href":"https:\/\/smago.de\/ws2\/wp-json\/wp\/v2\/posts"}],"about":[{"href":"https:\/\/smago.de\/ws2\/wp-json\/wp\/v2\/types\/post"}],"author":[{"embeddable":true,"href":"https:\/\/smago.de\/ws2\/wp-json\/wp\/v2\/users\/2"}],"replies":[{"embeddable":true,"href":"https:\/\/smago.de\/ws2\/wp-json\/wp\/v2\/comments?post=148566"}],"version-history":[{"count":3,"href":"https:\/\/smago.de\/ws2\/wp-json\/wp\/v2\/posts\/148566\/revisions"}],"predecessor-version":[{"id":148569,"href":"https:\/\/smago.de\/ws2\/wp-json\/wp\/v2\/posts\/148566\/revisions\/148569"}],"wp:featuredmedia":[{"embeddable":true,"href":"https:\/\/smago.de\/ws2\/wp-json\/wp\/v2\/media\/51685"}],"wp:attachment":[{"href":"https:\/\/smago.de\/ws2\/wp-json\/wp\/v2\/media?parent=148566"}],"wp:term":[{"taxonomy":"category","embeddable":true,"href":"https:\/\/smago.de\/ws2\/wp-json\/wp\/v2\/categories?post=148566"},{"taxonomy":"post_tag","embeddable":true,"href":"https:\/\/smago.de\/ws2\/wp-json\/wp\/v2\/tags?post=148566"}],"curies":[{"name":"wp","href":"https:\/\/api.w.org\/{rel}","templated":true}]}}