{"id":148561,"date":"2020-06-17T09:38:04","date_gmt":"2020-06-17T07:38:04","guid":{"rendered":"https:\/\/online.smago.de\/ws2\/?p=148561"},"modified":"2020-06-17T09:38:19","modified_gmt":"2020-06-17T07:38:19","slug":"nockis-nockisfest-in-millstatt-auf-2021-verschoben","status":"publish","type":"post","link":"https:\/\/smago.de\/ws2\/schlager\/nockis-nockisfest-in-millstatt-auf-2021-verschoben\/","title":{"rendered":"NOCKIS <br>&#8222;Nockisfest&#8220; in Millstatt auf 2021 verschoben!"},"content":{"rendered":"<p>Nach 32 Jahren ohne Unterbrechung kann das &#8222;Nockisfest&#8220; in diesem Jagr erstmals NICHT wie geplant stattfinden &#8211; Corona sei &#8222;Dank&#8220; &#8230;:<br \/>\n<!--more--><\/p>\n<p>&nbsp;<\/p>\n<p>&nbsp;<\/p>\n<p style=\"text-align: justify;\"><em>Das Jahr 2020 wird nicht nur wegen der Corona-Krise in die Geschichtsb\u00fccher eingehen, sondern auch in die Historie des Nockisfests, denn das f\u00fcr dieses Jahr geplante Fest kann nach 32 Jahren ohne Unterbrechung <strong>erstmals leider NICHT wie geplant stattfinden und wird auf 2021 verschoben.<\/strong><\/em><\/p>\n<p style=\"text-align: justify;\"><em>Wir alle haben uns schon sehr auf das NOCKISFEST 2020 gefreut und uns die Entscheidung mit unseren Freunden von der FF Millstatt, ob das Fest im September \u00fcber die B\u00fchne gehen kann, nicht leicht gemacht.<\/em><\/p>\n<p style=\"text-align: justify;\"><em>Eine Veranstaltung in der Gr\u00f6\u00dfenordnung von mehreren tausend Zuschauern, einem geplanten Showprogramm von 15 Live-Acts mit mehr als 50 beteiligten K\u00fcnstlerInnen, mehr als 150 MitarbeiterInnen vor und hinter den Kulissen und einem entsprechenden B\u00fchnenequipment inklusive Kamera-, Licht- und Tontechnik sowie Vertr\u00e4ge mit Lieferanten und Partnern erfordert l\u00e4ngere Vorlaufzeiten und unbedingte Planungssicherheit. Diese ist derzeit nicht gegeben, denn aufgrund der Vorgaben der Bundesregierung sind noch zahlreiche Ma\u00dfnahmen definiert, deren Umsetzung beim Nockisfest in der gewohnten Art und Gr\u00f6\u00dfenordnung nicht m\u00f6glich sind.<\/em><\/p>\n<p style=\"text-align: justify;\"><em>Alle, die schon einmal in Millstatt beim Fest waren k\u00f6nnen nachvollziehen, dass mit diesen Einschr\u00e4nkungen die stimmungsvolle Schlagerparty-Atmosph\u00e4re massiv beeintr\u00e4chtigt w\u00e4re.<\/em><\/p>\n<p style=\"text-align: justify;\"><em>Da der Schutz und die Sicherheit des Publikums, der K\u00fcnstler und K\u00fcnstlerinnen und aller beteiligten Personen Vorrang haben, kam man in Abstimmung mit den Nockis, der FF Millstatt und den zust\u00e4ndigen Beh\u00f6rden letztlich zum Entschluss, das NOCKIS Fest auf<strong> 17.09 \u2013 19.09.2021<\/strong> zu verschieben, um alles in gewohnter und beliebter Weise wieder durchf\u00fchren zu k\u00f6nnen.<\/em><\/p>\n<p><em>Alle Interpreten, die f\u00fcr dieses Jahr angek\u00fcndigt waren, haben f\u00fcr 2021 ihr Kommen zugesagt!<\/em><\/p>\n<p><em>Gute Nachrichten auch f\u00fcr alle Bucher der Nockis-Woche! Programmablauf und Preise bleiben f\u00fcr 2021 gleich, was einmal mehr zeigt, wie wohlwollend und partnerschaftlich die ganze Region agiert.<\/em><\/p>\n<p><em>Als Dank f\u00fcr jene, die trotz Konzertverschiebung ihren Urlaub<strong> dieses Jahr<\/strong> in der Region Millst\u00e4ttersee dennoch genie\u00dfen werden, gibt es ein besonderes \u201eZuckerl\u201c. Unser Freund Engelbert Auer arbeitet gerade mit dem Tourismusb\u00fcro an einem touristischen Ersatzprogramm, wo auch Friedl und Wilfried mit dabei sein werden.<\/em><\/p>\n<p>&nbsp;<\/p>\n<p>&nbsp;<\/p>\n<p><em>Alle Infos dazu gibt es in den n\u00e4chsten Tagen unter www.millstatt.at bzw. <strong><a href=\"http:\/\/www.nockis.at\">www.nockis.at<\/a><\/strong>!<\/em><\/p>\n<p>&nbsp;<\/p>\n<p style=\"text-align: justify;\"><em>Friedl W\u00fcrcher von den NOCKIS zur Konzertverschiebung: \u201eDie gemeinsamen Aktivit\u00e4ten, die vielen sch\u00f6nen Momente und Begegnungen anl\u00e4sslich des Nockisfests werden mir heuer fehlen, umso mehr hoffe ich, euch alle 2021 in unserer Heimat Millstatt pers\u00f6nlich begr\u00fc\u00dfen zu d\u00fcrfen.\u201c.<\/em><\/p>\n<p>&nbsp;<\/p>\n<p>&nbsp;<\/p>\n<p>&nbsp;<\/p>\n<p>Bitte beachten Sie auch <strong><a href=\"http:\/\/www.nockis.at\">www.nockis.at<\/a><\/strong>!<\/p>\n","protected":false},"excerpt":{"rendered":"<p>Nach 32 Jahren ohne Unterbrechung kann das &#8222;Nockisfest&#8220; in diesem Jagr erstmals NICHT wie geplant stattfinden &#8211; Corona sei &#8222;Dank&#8220;<\/p>\n","protected":false},"author":2,"featured_media":148562,"comment_status":"open","ping_status":"closed","sticky":false,"template":"","format":"standard","meta":{"_FSMCFIC_featured_image_caption":"","_FSMCFIC_featured_image_nocaption":"","_FSMCFIC_featured_image_hide":""},"categories":[29],"tags":[1081],"acf":[],"_links":{"self":[{"href":"https:\/\/smago.de\/ws2\/wp-json\/wp\/v2\/posts\/148561"}],"collection":[{"href":"https:\/\/smago.de\/ws2\/wp-json\/wp\/v2\/posts"}],"about":[{"href":"https:\/\/smago.de\/ws2\/wp-json\/wp\/v2\/types\/post"}],"author":[{"embeddable":true,"href":"https:\/\/smago.de\/ws2\/wp-json\/wp\/v2\/users\/2"}],"replies":[{"embeddable":true,"href":"https:\/\/smago.de\/ws2\/wp-json\/wp\/v2\/comments?post=148561"}],"version-history":[{"count":3,"href":"https:\/\/smago.de\/ws2\/wp-json\/wp\/v2\/posts\/148561\/revisions"}],"predecessor-version":[{"id":148565,"href":"https:\/\/smago.de\/ws2\/wp-json\/wp\/v2\/posts\/148561\/revisions\/148565"}],"wp:featuredmedia":[{"embeddable":true,"href":"https:\/\/smago.de\/ws2\/wp-json\/wp\/v2\/media\/148562"}],"wp:attachment":[{"href":"https:\/\/smago.de\/ws2\/wp-json\/wp\/v2\/media?parent=148561"}],"wp:term":[{"taxonomy":"category","embeddable":true,"href":"https:\/\/smago.de\/ws2\/wp-json\/wp\/v2\/categories?post=148561"},{"taxonomy":"post_tag","embeddable":true,"href":"https:\/\/smago.de\/ws2\/wp-json\/wp\/v2\/tags?post=148561"}],"curies":[{"name":"wp","href":"https:\/\/api.w.org\/{rel}","templated":true}]}}