{"id":148343,"date":"2020-06-11T23:59:04","date_gmt":"2020-06-11T21:59:04","guid":{"rendered":"https:\/\/online.smago.de\/ws2\/?p=148343"},"modified":"2020-06-11T23:31:41","modified_gmt":"2020-06-11T21:31:41","slug":"sonia-liebing-zweites-album-absolut-ab-18-09-2020-im-handel","status":"publish","type":"post","link":"https:\/\/smago.de\/ws2\/schlager\/sonia-liebing-zweites-album-absolut-ab-18-09-2020-im-handel\/","title":{"rendered":"SONIA LIEBING <br>Zweites Album &#8222;Absolut&#8220; ab 18.09.2020 im Handel!"},"content":{"rendered":"<p>Der Clou: <strong><a href=\"https:\/\/www.amazon.de\/Absolut-Sonia-Liebing\/dp\/B089TWRXVD\/ref=as_li_ss_tl?__mk_de_DE=\u00c5M\u00c5\u017d\u00d5\u00d1&amp;dchild=1&amp;keywords=absolut+sonia+liebing&amp;qid=1591887698&amp;sr=8-1&amp;linkCode=sl1&amp;tag=wwwhitpromoti-21&amp;linkId=d83b4f73737fe9a5ea34b18a37be3ccd&amp;language=de_DE\">HIER<\/a><\/strong> k\u00f6nnen Sie die CD jetzt schon vorbestellen!<br \/>\n<!--more--><\/p>\n<p>&nbsp;<\/p>\n<p>&nbsp;<\/p>\n<p>Der Ver\u00f6ffentlichungstermin des zweiten Albums von SONIA LIEBING steht fest:<\/p>\n<p>Die CD &#8222;Absolut&#8220; wird &#8211; Stand jetzt &#8211; am 18. September 2020 in den Handel kommen.<\/p>\n<p>Der Clou: <strong><a href=\"https:\/\/www.amazon.de\/Absolut-Sonia-Liebing\/dp\/B089TWRXVD\/ref=as_li_ss_tl?__mk_de_DE=\u00c5M\u00c5\u017d\u00d5\u00d1&amp;dchild=1&amp;keywords=absolut+sonia+liebing&amp;qid=1591887698&amp;sr=8-1&amp;linkCode=sl1&amp;tag=wwwhitpromoti-21&amp;linkId=d83b4f73737fe9a5ea34b18a37be3ccd&amp;language=de_DE\">HIER<\/a><\/strong> k\u00f6nnen Sie &#8222;Absolut&#8220; jetzt schon vorbestellen!<\/p>\n<p>&nbsp;<\/p>\n","protected":false},"excerpt":{"rendered":"<p>Der Clou: HIER k\u00f6nnen Sie die CD jetzt schon vorbestellen!<\/p>\n","protected":false},"author":2,"featured_media":148344,"comment_status":"open","ping_status":"closed","sticky":false,"template":"","format":"standard","meta":{"_FSMCFIC_featured_image_caption":"","_FSMCFIC_featured_image_nocaption":"","_FSMCFIC_featured_image_hide":""},"categories":[29],"tags":[233],"acf":[],"_links":{"self":[{"href":"https:\/\/smago.de\/ws2\/wp-json\/wp\/v2\/posts\/148343"}],"collection":[{"href":"https:\/\/smago.de\/ws2\/wp-json\/wp\/v2\/posts"}],"about":[{"href":"https:\/\/smago.de\/ws2\/wp-json\/wp\/v2\/types\/post"}],"author":[{"embeddable":true,"href":"https:\/\/smago.de\/ws2\/wp-json\/wp\/v2\/users\/2"}],"replies":[{"embeddable":true,"href":"https:\/\/smago.de\/ws2\/wp-json\/wp\/v2\/comments?post=148343"}],"version-history":[{"count":1,"href":"https:\/\/smago.de\/ws2\/wp-json\/wp\/v2\/posts\/148343\/revisions"}],"predecessor-version":[{"id":148345,"href":"https:\/\/smago.de\/ws2\/wp-json\/wp\/v2\/posts\/148343\/revisions\/148345"}],"wp:featuredmedia":[{"embeddable":true,"href":"https:\/\/smago.de\/ws2\/wp-json\/wp\/v2\/media\/148344"}],"wp:attachment":[{"href":"https:\/\/smago.de\/ws2\/wp-json\/wp\/v2\/media?parent=148343"}],"wp:term":[{"taxonomy":"category","embeddable":true,"href":"https:\/\/smago.de\/ws2\/wp-json\/wp\/v2\/categories?post=148343"},{"taxonomy":"post_tag","embeddable":true,"href":"https:\/\/smago.de\/ws2\/wp-json\/wp\/v2\/tags?post=148343"}],"curies":[{"name":"wp","href":"https:\/\/api.w.org\/{rel}","templated":true}]}}