{"id":148252,"date":"2020-06-10T00:00:35","date_gmt":"2020-06-09T22:00:35","guid":{"rendered":"https:\/\/online.smago.de\/ws2\/?p=148252"},"modified":"2020-06-09T23:53:01","modified_gmt":"2020-06-09T21:53:01","slug":"thomas-anders-wir-werden-ziemlich-im-stich-gelassen-vom-staat","status":"publish","type":"post","link":"https:\/\/smago.de\/ws2\/schlager\/thomas-anders-wir-werden-ziemlich-im-stich-gelassen-vom-staat\/","title":{"rendered":"THOMAS ANDERS <br>&#8222;Wir werden ziemlich im Stich gelassen vom Staat!&#8220;:"},"content":{"rendered":"<p><span data-offset-key=\"bn85c-0-0\"><em>&#8222;Da ist kein Rettungsschirm da, da kommt gar nichts&#8220;<\/em> &#8211;\u00a0<\/span>Thomas Anders springt f\u00fcr die gesamte Musik- und Entertainment-Branche in die Bresche &#8230;:<br \/>\n<!--more--><\/p>\n<p>&nbsp;<\/p>\n<p>&nbsp;<\/p>\n<p style=\"text-align: justify;\">THOMAS ANDERS ist und bleibt ein Mann der klaren Worte.<\/p>\n<p style=\"text-align: justify;\">In der ZDF-Sendung &#8222;Volle Kanne &#8211; Service t\u00e4glich&#8220; sprang er f\u00fcr das gesamte Musik- und Entertainment-Genre in die Bresche. Als &#8222;Volle Kanne&#8220; Moderator Ingo Nommsen von einem &#8222;herben Einschnitt&#8220; f\u00fcr die Branche sprach, entgegnete Thomas Anders: <em>&#8222;&#8218;Herber Einschnitt&#8216; ist wirklich noch schmeichelnd gesagt. Das ist &#8217;ne Katastrophe f\u00fcr uns alle! Und wir werden auch ziemlich im Stich gelassen vom Staat.&#8220;<\/em><\/p>\n<p style=\"text-align: justify;\"><em>&#8222;Es geht nicht um mich&#8220;,<\/em> betonte er ausdr\u00fccklich.<em> &#8222;Es sind ja nicht nur &#8211; bei Konzerten &#8211; die K\u00fcnstler, es sind die Techniker, es sind die Roadies, es sind die Merchandise Verk\u00e4ufer*innen &#8230; Es sind die, die am Stand stehen; es sind die, die ihre Limo und ihr Bier verkaufen &#8230; Das zieht sich ja komplett durch. Es sind ja nicht nur die, die oben auf der B\u00fchne stehen.&#8220;<\/em><\/p>\n<p style=\"text-align: justify;\">Sein Gesamtfazit: <em>&#8222;Da ist kein Rettungsschirm da, da kommt gar nichts. Und uns wird wahrscheinlich erst ganz am Schluss erlaubt, wieder Shows zu machen.&#8220;<\/em><\/p>\n","protected":false},"excerpt":{"rendered":"<p>&#8222;Da ist kein Rettungsschirm da, da kommt gar nichts&#8220; &#8211;\u00a0Thomas Anders springt f\u00fcr die gesamte Musik- und Entertainment-Branche in die<\/p>\n","protected":false},"author":2,"featured_media":143297,"comment_status":"open","ping_status":"closed","sticky":false,"template":"","format":"standard","meta":{"_FSMCFIC_featured_image_caption":"","_FSMCFIC_featured_image_nocaption":"","_FSMCFIC_featured_image_hide":""},"categories":[29],"tags":[48],"acf":[],"_links":{"self":[{"href":"https:\/\/smago.de\/ws2\/wp-json\/wp\/v2\/posts\/148252"}],"collection":[{"href":"https:\/\/smago.de\/ws2\/wp-json\/wp\/v2\/posts"}],"about":[{"href":"https:\/\/smago.de\/ws2\/wp-json\/wp\/v2\/types\/post"}],"author":[{"embeddable":true,"href":"https:\/\/smago.de\/ws2\/wp-json\/wp\/v2\/users\/2"}],"replies":[{"embeddable":true,"href":"https:\/\/smago.de\/ws2\/wp-json\/wp\/v2\/comments?post=148252"}],"version-history":[{"count":2,"href":"https:\/\/smago.de\/ws2\/wp-json\/wp\/v2\/posts\/148252\/revisions"}],"predecessor-version":[{"id":148254,"href":"https:\/\/smago.de\/ws2\/wp-json\/wp\/v2\/posts\/148252\/revisions\/148254"}],"wp:featuredmedia":[{"embeddable":true,"href":"https:\/\/smago.de\/ws2\/wp-json\/wp\/v2\/media\/143297"}],"wp:attachment":[{"href":"https:\/\/smago.de\/ws2\/wp-json\/wp\/v2\/media?parent=148252"}],"wp:term":[{"taxonomy":"category","embeddable":true,"href":"https:\/\/smago.de\/ws2\/wp-json\/wp\/v2\/categories?post=148252"},{"taxonomy":"post_tag","embeddable":true,"href":"https:\/\/smago.de\/ws2\/wp-json\/wp\/v2\/tags?post=148252"}],"curies":[{"name":"wp","href":"https:\/\/api.w.org\/{rel}","templated":true}]}}