{"id":148242,"date":"2020-06-10T00:00:32","date_gmt":"2020-06-09T22:00:32","guid":{"rendered":"https:\/\/online.smago.de\/ws2\/?p=148242"},"modified":"2020-06-09T23:16:07","modified_gmt":"2020-06-09T21:16:07","slug":"thomas-anders-thomas-anders-ueber-die-sendung-schlagerlovestory-2020-die-show-war-sehr-ordentlich-gemacht","status":"publish","type":"post","link":"https:\/\/smago.de\/ws2\/schlager\/thomas-anders-thomas-anders-ueber-die-sendung-schlagerlovestory-2020-die-show-war-sehr-ordentlich-gemacht\/","title":{"rendered":"THOMAS ANDERS <br>Thomas Anders \u00fcber die Sendung &#8222;Schlagerlovestory.2020&#8220;: &#8222;Die Show war sehr ordentlich gemacht!&#8220;!"},"content":{"rendered":"<p>In der ZDF-Sendung &#8222;Volle Kanne &#8211; Service t\u00e4glich&#8220; war er voll des Lobes!<br \/>\n<!--more--><\/p>\n<p>&nbsp;<\/p>\n<p>&nbsp;<\/p>\n<p style=\"text-align: justify;\">Das Leben als K\u00fcnstler in diesen Corona Zeiten ist alles andere als leicht.<\/p>\n<p style=\"text-align: justify;\"><em>&#8222;Es ist f\u00fcr uns alle &#8217;ne komische Situation. Da merkt man, wie sehr man doch am Applaus abh\u00e4ngig ist. Dass man so was braucht&#8220;,<\/em> sagte THOMAS ANDERS am Dienstagmorgen (09.06.2020) in\u00a0der ZDF-Sendung &#8222;Volle Kanne &#8211; Service t\u00e4glich&#8220;. <em>&#8222;Das fehlt! Es fehlt, mit Menschen umzugehen, es fehlt der Kontakt mit den Fans, mit dem Publikum. Das ist echt nicht so einfach&#8220;,<\/em> so Thomas Anders im Gespr\u00e4ch mit &#8222;Volle Kanne&#8220; Moderator Ingo Mommsen weiter. <em>&#8222;Aber: Es wird hoffentlich bald wieder kommen.&#8220;<\/em><\/p>\n<p style=\"text-align: justify;\">Zumindest ER zieht ein positives Fazit, die von seinem Sanges-Kollegen Florian Silbereisen pr\u00e4sentierte Sendung &#8222;Schlagerlovestory.2020 &#8211; Das gro\u00dfe Wiedersehen!&#8220;: <em>&#8222;Da reicht nicht einfach nur ein paar Gl\u00fchlampen aufstellen&#8220;,<\/em>\u00a0stellte er fest. <em>&#8222;Und die Show war schon sehr ordentlich gemacht.&#8220;<\/em><\/p>\n","protected":false},"excerpt":{"rendered":"<p>In der ZDF-Sendung &#8222;Volle Kanne &#8211; Service t\u00e4glich&#8220; war er voll des Lobes!<\/p>\n","protected":false},"author":2,"featured_media":143297,"comment_status":"open","ping_status":"closed","sticky":false,"template":"","format":"standard","meta":{"_FSMCFIC_featured_image_caption":"","_FSMCFIC_featured_image_nocaption":"","_FSMCFIC_featured_image_hide":""},"categories":[29],"tags":[48],"acf":[],"_links":{"self":[{"href":"https:\/\/smago.de\/ws2\/wp-json\/wp\/v2\/posts\/148242"}],"collection":[{"href":"https:\/\/smago.de\/ws2\/wp-json\/wp\/v2\/posts"}],"about":[{"href":"https:\/\/smago.de\/ws2\/wp-json\/wp\/v2\/types\/post"}],"author":[{"embeddable":true,"href":"https:\/\/smago.de\/ws2\/wp-json\/wp\/v2\/users\/2"}],"replies":[{"embeddable":true,"href":"https:\/\/smago.de\/ws2\/wp-json\/wp\/v2\/comments?post=148242"}],"version-history":[{"count":4,"href":"https:\/\/smago.de\/ws2\/wp-json\/wp\/v2\/posts\/148242\/revisions"}],"predecessor-version":[{"id":148250,"href":"https:\/\/smago.de\/ws2\/wp-json\/wp\/v2\/posts\/148242\/revisions\/148250"}],"wp:featuredmedia":[{"embeddable":true,"href":"https:\/\/smago.de\/ws2\/wp-json\/wp\/v2\/media\/143297"}],"wp:attachment":[{"href":"https:\/\/smago.de\/ws2\/wp-json\/wp\/v2\/media?parent=148242"}],"wp:term":[{"taxonomy":"category","embeddable":true,"href":"https:\/\/smago.de\/ws2\/wp-json\/wp\/v2\/categories?post=148242"},{"taxonomy":"post_tag","embeddable":true,"href":"https:\/\/smago.de\/ws2\/wp-json\/wp\/v2\/tags?post=148242"}],"curies":[{"name":"wp","href":"https:\/\/api.w.org\/{rel}","templated":true}]}}