{"id":148239,"date":"2020-06-10T00:00:19","date_gmt":"2020-06-09T22:00:19","guid":{"rendered":"https:\/\/online.smago.de\/ws2\/?p=148239"},"modified":"2020-06-09T22:41:52","modified_gmt":"2020-06-09T20:41:52","slug":"thomas-anders-florian-silbereisen-mi-morgen-10-06-2020-in-der-sendung-sat-1-sendung-fruehstuecksfernsehen-zu-gast","status":"publish","type":"post","link":"https:\/\/smago.de\/ws2\/schlager\/thomas-anders-florian-silbereisen-mi-morgen-10-06-2020-in-der-sendung-sat-1-sendung-fruehstuecksfernsehen-zu-gast\/","title":{"rendered":"THOMAS ANDERS &#038; FLORIAN SILBEREISEN <br>Mi.morgen (10.06.2020) in der Sendung Sat.1 Sendung &#8222;Fr\u00fchst\u00fccksfernsehen&#8220; zu Gast!"},"content":{"rendered":"<p style=\"text-align: justify;\">05:30 Uhr &#8211; 10:00 Uhr! Au\u00dferdem eingeladen: Spardetektiv Daniel Engelbarts!<br \/>\n<!--more--><\/p>\n<p>&nbsp;<\/p>\n<p>&nbsp;<\/p>\n<p style=\"text-align: justify;\"><b>THOMAS ANDERS &amp; FLORIAN SILBEREISEN &#8211; Das neue Duo<\/b><\/p>\n<p>&nbsp;<\/p>\n<p style=\"text-align: justify;\">Am Wochenende hat er gerade erst Anna-Carina Woitschack &amp; Stefan Mross als Trauzeuge unter die Habe gebracht. Florian \u00a0Silbereisen ist aber aktuell auch selbst frisch verbandelt: als \u00a0neues Gesangsduo zusammen mit Thomas Anders. Was die beiden zusammen gebracht hat und ob Florian Silbereisen und Thomas Anders das neue Modern Talking sind, kl\u00e4ren wir direkt mit den beiden. Sie sind live zu Gast.<\/p>\n<p>&nbsp;<\/p>\n<p>&nbsp;<\/p>\n<p style=\"text-align: justify;\"><strong><br \/>\nAu\u00dferdem zu Gast:<\/strong><\/p>\n<p>&nbsp;<\/p>\n<p>&nbsp;<\/p>\n<p style=\"text-align: justify;\"><strong>Daniel Engelbarts<\/strong> zum Thema &#8222;Die R\u00fcckkehr der Preiskn\u00fcller&#8220;<\/p>\n<p>&nbsp;<\/p>\n<p style=\"text-align: justify;\">Wir stehen vor einem der gr\u00f6\u00dften Preisk\u00e4mpfe, die Deutschland jemals erlebt hat. In der Corona-Krise haben die Discounter viele Kunden verloren &#8211; und die wollen sie jetzt zur\u00fcckholen. Was dabei ihre st\u00e4rkste Waffe sein wird, das wei\u00df Spardetektiv Daniel Engelbarts.<\/p>\n","protected":false},"excerpt":{"rendered":"<p>05:30 Uhr &#8211; 10:00 Uhr! Au\u00dferdem eingeladen: Spardetektiv Daniel Engelbarts!<\/p>\n","protected":false},"author":2,"featured_media":140300,"comment_status":"open","ping_status":"closed","sticky":false,"template":"","format":"standard","meta":{"_FSMCFIC_featured_image_caption":"","_FSMCFIC_featured_image_nocaption":"","_FSMCFIC_featured_image_hide":""},"categories":[29],"tags":[144,48],"acf":[],"_links":{"self":[{"href":"https:\/\/smago.de\/ws2\/wp-json\/wp\/v2\/posts\/148239"}],"collection":[{"href":"https:\/\/smago.de\/ws2\/wp-json\/wp\/v2\/posts"}],"about":[{"href":"https:\/\/smago.de\/ws2\/wp-json\/wp\/v2\/types\/post"}],"author":[{"embeddable":true,"href":"https:\/\/smago.de\/ws2\/wp-json\/wp\/v2\/users\/2"}],"replies":[{"embeddable":true,"href":"https:\/\/smago.de\/ws2\/wp-json\/wp\/v2\/comments?post=148239"}],"version-history":[{"count":2,"href":"https:\/\/smago.de\/ws2\/wp-json\/wp\/v2\/posts\/148239\/revisions"}],"predecessor-version":[{"id":148241,"href":"https:\/\/smago.de\/ws2\/wp-json\/wp\/v2\/posts\/148239\/revisions\/148241"}],"wp:featuredmedia":[{"embeddable":true,"href":"https:\/\/smago.de\/ws2\/wp-json\/wp\/v2\/media\/140300"}],"wp:attachment":[{"href":"https:\/\/smago.de\/ws2\/wp-json\/wp\/v2\/media?parent=148239"}],"wp:term":[{"taxonomy":"category","embeddable":true,"href":"https:\/\/smago.de\/ws2\/wp-json\/wp\/v2\/categories?post=148239"},{"taxonomy":"post_tag","embeddable":true,"href":"https:\/\/smago.de\/ws2\/wp-json\/wp\/v2\/tags?post=148239"}],"curies":[{"name":"wp","href":"https:\/\/api.w.org\/{rel}","templated":true}]}}