{"id":148209,"date":"2020-06-09T23:59:38","date_gmt":"2020-06-09T21:59:38","guid":{"rendered":"https:\/\/online.smago.de\/ws2\/?p=148209"},"modified":"2020-06-10T00:12:02","modified_gmt":"2020-06-09T22:12:02","slug":"thomas-anders-rassismus","status":"publish","type":"post","link":"https:\/\/smago.de\/ws2\/schlager\/thomas-anders-rassismus\/","title":{"rendered":"THOMAS ANDERS <br>&#8222;Wir sind alle gleich!&#8220; &#8211; Thomas Anders&#8216; klares Statement gegen Rassismus!"},"content":{"rendered":"<p>In der ZDF-Sendung &#8222;Volle Kanne &#8211; Service t\u00e4glich&#8220; erkl\u00e4rte Thomas Anders die Rassismus-Debatte wie folgt &#8230;:<br \/>\n<!--more--><\/p>\n<p>&nbsp;<\/p>\n<p style=\"text-align: justify;\">\n<p style=\"text-align: justify;\">THOMAS ANDERS, der selbst einige Zeit in den U.S.A. gelebt hat, vertritt die Meinung, dass Rassismus <em>&#8222;unterschwellig immer da&#8220;<\/em> war.<\/p>\n<p style=\"text-align: justify;\">Folgende Erkl\u00e4rung hat er daf\u00fcr:\u00a0<em style=\"text-align: justify;\">&#8222;Es sind verschiedene soziale Schichten. Also: Je h\u00f6her die Schicht, auch die Einkommensschicht, ist, umso mehr ist man gleich, weil man sich nat\u00fcrlich auch nicht die Butter vom Brot nimmt, um es mal ganz banal auszudr\u00fccken. Aber wenn&#8217;s wirklich ums \u00dcberleben geht, da merkt man schon, dass Wei\u00df und Schwarz eben NICHT optimal miteinander auskommen.<\/em><\/p>\n<div class=\"\" style=\"text-align: justify;\" data-block=\"true\" data-editor=\"107rk\" data-offset-key=\"6cgp8-0-0\">\n<div id=\"b-5a91d6fe-c6e5-4968-8f78-f747ce90a42c\" class=\"block active\">\n<div class=\"txt\">\n<div class=\"public-DraftStyleDefault-block public-DraftStyleDefault-ltr\" data-offset-key=\"6cgp8-0-0\">\n<p><em>Ich glaube nicht, dass ich es noch erlebe, dass sich das im Grunde aufl\u00f6st. Ich glaube es nicht. Der Mensch ist so gepolt, dass er immer vergleichen will und immer sieht, was der andere hat, und versucht, immer Schuldige f\u00fcr irgendetwas zu finden, was ihm nicht gelingt. Das ist ein ganz, ganz heikles Thema. Ich hoffe nur, dass etwas angeregt wird. Dass wir sagen: &#8218;Wir sind alle nur eins&#8216;. &#8218;In totaler Dunkelheit sind wir alle gleich.&#8216; Das hei\u00dft, wir SIND alle nur gleich.<\/em><\/p>\n<\/div>\n<\/div>\n<\/div>\n<\/div>\n<div class=\"\" data-block=\"true\" data-editor=\"107rk\" data-offset-key=\"84moa-0-0\">\n<div id=\"b-7f4ab77b-d1f6-4cb5-9273-f80494bdbe20\" class=\"block active\">\n<p style=\"text-align: justify;\"><em>Das sage ich auch bei meinen Shows, das habe ich auch in Amerika gesagt &#8211; ich singe ja den Song &#8222;Human&#8220;, also &#8222;Wir sind Menschen&#8220; &#8211; und das ist bewiesen: 99,9 % unserer DNA sind gleich. Bei jeder Rasse. Bei jedem Menschen. Und diese 0,1 Prozent, das macht die Vielfalt, das macht das Tolle an unseren Menschen aus. Und dass es &#8211; auf Deutsch gesagt &#8211; Idioten gibt, die damit nicht zurechtkommen, das ist sehr schade.&#8220;<\/em><\/p>\n<\/div>\n<\/div>\n","protected":false},"excerpt":{"rendered":"<p>In der ZDF-Sendung &#8222;Volle Kanne &#8211; Service t\u00e4glich&#8220; erkl\u00e4rte Thomas Anders die Rassismus-Debatte wie folgt &#8230;:<\/p>\n","protected":false},"author":2,"featured_media":143297,"comment_status":"open","ping_status":"closed","sticky":false,"template":"","format":"standard","meta":{"_FSMCFIC_featured_image_caption":"","_FSMCFIC_featured_image_nocaption":"","_FSMCFIC_featured_image_hide":""},"categories":[29],"tags":[48],"acf":[],"_links":{"self":[{"href":"https:\/\/smago.de\/ws2\/wp-json\/wp\/v2\/posts\/148209"}],"collection":[{"href":"https:\/\/smago.de\/ws2\/wp-json\/wp\/v2\/posts"}],"about":[{"href":"https:\/\/smago.de\/ws2\/wp-json\/wp\/v2\/types\/post"}],"author":[{"embeddable":true,"href":"https:\/\/smago.de\/ws2\/wp-json\/wp\/v2\/users\/2"}],"replies":[{"embeddable":true,"href":"https:\/\/smago.de\/ws2\/wp-json\/wp\/v2\/comments?post=148209"}],"version-history":[{"count":5,"href":"https:\/\/smago.de\/ws2\/wp-json\/wp\/v2\/posts\/148209\/revisions"}],"predecessor-version":[{"id":148258,"href":"https:\/\/smago.de\/ws2\/wp-json\/wp\/v2\/posts\/148209\/revisions\/148258"}],"wp:featuredmedia":[{"embeddable":true,"href":"https:\/\/smago.de\/ws2\/wp-json\/wp\/v2\/media\/143297"}],"wp:attachment":[{"href":"https:\/\/smago.de\/ws2\/wp-json\/wp\/v2\/media?parent=148209"}],"wp:term":[{"taxonomy":"category","embeddable":true,"href":"https:\/\/smago.de\/ws2\/wp-json\/wp\/v2\/categories?post=148209"},{"taxonomy":"post_tag","embeddable":true,"href":"https:\/\/smago.de\/ws2\/wp-json\/wp\/v2\/tags?post=148209"}],"curies":[{"name":"wp","href":"https:\/\/api.w.org\/{rel}","templated":true}]}}