{"id":148198,"date":"2020-06-09T13:40:42","date_gmt":"2020-06-09T11:40:42","guid":{"rendered":"https:\/\/online.smago.de\/ws2\/?p=148198"},"modified":"2020-06-09T13:42:22","modified_gmt":"2020-06-09T11:42:22","slug":"smago-informiert-aktion-night-of-light","status":"publish","type":"post","link":"https:\/\/smago.de\/ws2\/smago-informiert\/smago-informiert-aktion-night-of-light\/","title":{"rendered":"smago! INFORMIERT <br>Aktion &#8222;Night of Light&#8220;:"},"content":{"rendered":"<blockquote class=\"\">\n<div class=\"\"><\/div>\n<\/blockquote>\n<p>Ein flammender Appell an die Politik zur Rettung der Veranstaltungswirtschaft!<br \/>\n<!--more--><\/p>\n<p>&nbsp;<\/p>\n<p>&nbsp;<\/p>\n<p style=\"text-align: justify;\">Innerhalb k\u00fcrzester Zeit haben die beh\u00f6rdlichen Auflagen im Zuge der Corona-Krise die gesamte Veranstaltungswirtschaft an den Abgrund gedr\u00e4ngt. Einem riesigen Wirtschaftszweig ist praktisch \u00fcber Nacht die Arbeitsgrundlage entzogen worden, eine Pleitewelle enormen Ausma\u00dfes droht: mit gravierenden Folgen f\u00fcr den Arbeitsmarkt und die kulturelle Vielfalt als tragende S\u00e4ule unserer Gesellschaft. Die Aktion \u201eNight of Light\u201c vereint Marktteilnehmer aus allen Bereichen der Veranstaltungswirtschaft, um in einer konzertierten Aktion ein imposantes Zeichen f\u00fcr eine vom Aussterben bedrohten Branche zu setzen und zu einem Dialog mit der Politik aufzurufen, wie L\u00f6sungen und Wege aus der dramatischen Lage entwickelt werden k\u00f6nnen.<br class=\"\" \/><br class=\"\" \/>In der Nacht vom 22.06.2020 auf den 23.06.2020 werden die Teilnehmer bundesweit in mehr als 200 St\u00e4dten\u00a0 Eventlocations, Spielst\u00e4tten, Geb\u00e4ude und Bauwerke mit rotem Licht illuminieren: viele leuchtende Mahnmale, die sich zu einem gewaltigen Licht-Monument arrangieren. Ein flammender Appell zum Einstieg in einen Branchendialog, der die Vielf\u00e4ltigkeit und Systemrelevanz der deutschen Veranstaltungswirtschaft thematisieren soll. Allein Konzerte, Volksfeste, Firmenfeiern und Messen ziehen in normalen Jahren in Deutschland knapp 500 Mio. Besucher an und k\u00f6nnen bis auf Weiteres gar nicht oder nur unter erheblichen Auflagen stattfinden. Die derzeitigen Hilfsprogramme f\u00fcr die Veranstaltungswirtschaft bestehen im Wesentlichen aus Kreditprogrammen, die jedoch eine\u00a0 erneute Zahlungsunf\u00e4higkeit in Verbindung mit der \u00dcberschuldung der betroffenen Unternehmen zur Folge haben werden.<\/p>\n<p>&nbsp;<\/p>\n<p>&nbsp;<\/p>\n<p style=\"text-align: justify;\"><br class=\"\" \/><br class=\"\" \/><strong class=\"\">\u201eDie n\u00e4chsten 100 Tage \u00fcbersteht die Veranstaltungswirtschaft nicht!\u201c<\/strong><\/p>\n<p>&nbsp;<\/p>\n<p style=\"text-align: justify;\"><br class=\"\" \/>F\u00fcr den Initiator der Aktion \u201eNight of Light\u201c und Vorstand der LK-AG Essen, Tom Koperek, steht die gesamte Veranstaltungswirtschaft auf der Roten Liste der aussterbenden Branchen: \u201eDie n\u00e4chsten 100 Tage \u00fcbersteht die Veranstaltungswirtschaft nicht! Die aktuellen Auflagen und Restriktionen machen die wirtschaftliche Durchf\u00fchrung von Veranstaltungen quasi unm\u00f6glich.\u201c Das treffe nicht nur die Veranstalter, sondern auch Spielst\u00e4tten sowie Zulieferer und Dienstleister jeder Art und Gr\u00f6\u00dfe: Technikfirmen, B\u00fchnen- und Messebauer, Ausstatter, Caterer, Logistiker \u00fcber K\u00fcnstler bis hin zum Einzelunternehmer, der Content, Drehbuch, Regie oder florale Dekoration zu Events beisteuert. \u201eRien ne va plus \u2013 nichts geht mehr!\u201c, lautet Kopereks d\u00fcsteres Fazit \u00fcber die Notlage einer heterogenen Branche, die \u00fcber 150 verschiedene Gewerke und Spezialdisziplinen in sich vereint und deshalb \u00fcber keine einheitliche Lobby verf\u00fcgt. Umso wichtiger sei es, f\u00fcr eine st\u00e4rkere Wahrnehmung durch die Politik und \u00d6ffentlichkeit zu sorgen. Dies ist ebenfalls das Ziel der \u201eInitiative f\u00fcr die Veranstaltungswirtschaft\u201c, welche bereits am 06.03.2020 durch die Initiatorin Sandra Beckmann ins Leben gerufen wurde. F\u00fcr die Night of Light besteht daher eine Kooperation zur Durchf\u00fchrung dieser deutschlandweiten Aktion.<br class=\"\" \/>\u00a0<br class=\"\" \/>Einem ersten Aufruf zur Teilnahme an der Aktion sind binnen 72 Stunden \u00fcber 450 Unternehmen aus verschiedensten Bereichen der Veranstaltungswirtschaft gefolgt, st\u00fcndlich werden es mehr. Vereint zu einer \u00fcbergreifenden Interessen- und Arbeitsgemeinschaft, initiieren sie gemeinsam vom 22.06.2020 ab 22:00 Uhr bis zum 23.06.2020 um 01:00 Uhr die un\u00fcbersehbare \u201eNight of Light\u201c \u2013 ein leuchtendes Mahnmal und ein flammender Appell zur Rettung eines Wirtschaftszweigs, der echte Hilfe anstelle von Kreditprogrammen ben\u00f6tigt und einen Branchendialog mit der Politik fordert, um gemeinsam einen verantwortungsvollen und nachhaltigen Weg aus der Krise zu finden.<\/p>\n","protected":false},"excerpt":{"rendered":"<p>Ein flammender Appell an die Politik zur Rettung der Veranstaltungswirtschaft!<\/p>\n","protected":false},"author":2,"featured_media":148200,"comment_status":"open","ping_status":"closed","sticky":false,"template":"","format":"standard","meta":{"_FSMCFIC_featured_image_caption":"","_FSMCFIC_featured_image_nocaption":"","_FSMCFIC_featured_image_hide":""},"categories":[33],"tags":[60],"acf":[],"_links":{"self":[{"href":"https:\/\/smago.de\/ws2\/wp-json\/wp\/v2\/posts\/148198"}],"collection":[{"href":"https:\/\/smago.de\/ws2\/wp-json\/wp\/v2\/posts"}],"about":[{"href":"https:\/\/smago.de\/ws2\/wp-json\/wp\/v2\/types\/post"}],"author":[{"embeddable":true,"href":"https:\/\/smago.de\/ws2\/wp-json\/wp\/v2\/users\/2"}],"replies":[{"embeddable":true,"href":"https:\/\/smago.de\/ws2\/wp-json\/wp\/v2\/comments?post=148198"}],"version-history":[{"count":2,"href":"https:\/\/smago.de\/ws2\/wp-json\/wp\/v2\/posts\/148198\/revisions"}],"predecessor-version":[{"id":148201,"href":"https:\/\/smago.de\/ws2\/wp-json\/wp\/v2\/posts\/148198\/revisions\/148201"}],"wp:featuredmedia":[{"embeddable":true,"href":"https:\/\/smago.de\/ws2\/wp-json\/wp\/v2\/media\/148200"}],"wp:attachment":[{"href":"https:\/\/smago.de\/ws2\/wp-json\/wp\/v2\/media?parent=148198"}],"wp:term":[{"taxonomy":"category","embeddable":true,"href":"https:\/\/smago.de\/ws2\/wp-json\/wp\/v2\/categories?post=148198"},{"taxonomy":"post_tag","embeddable":true,"href":"https:\/\/smago.de\/ws2\/wp-json\/wp\/v2\/tags?post=148198"}],"curies":[{"name":"wp","href":"https:\/\/api.w.org\/{rel}","templated":true}]}}