{"id":148180,"date":"2020-06-09T00:50:50","date_gmt":"2020-06-08T22:50:50","guid":{"rendered":"https:\/\/online.smago.de\/ws2\/?p=148180"},"modified":"2020-06-09T11:57:10","modified_gmt":"2020-06-09T09:57:10","slug":"smago-informiert-in-eigener-sache-freiwillige-klar-und-richtigstellung-bezueglich-eines-gefaelschten-statements-von-michael-dorth","status":"publish","type":"post","link":"https:\/\/smago.de\/ws2\/schlager\/smago-informiert-in-eigener-sache-freiwillige-klar-und-richtigstellung-bezueglich-eines-gefaelschten-statements-von-michael-dorth\/","title":{"rendered":"smago! INFORMIERT <br>In eigener Sache: Freiwillige Klar- und Richtigstellung bez\u00fcglich eines gef\u00e4lschten Statements von MICHAEL DORTH!"},"content":{"rendered":"<p>Der G\u00e4stebuch-Eintrag von MICHAEL DORTH (Produzent der Amigos, von Daniela Alfinito u.a.) war eine F\u00e4lschung \u2013 warum wir es h\u00e4tten wissen m\u00fcssen \u2026:<br \/>\n<!--more--><\/p>\n<p>&nbsp;<\/p>\n<p style=\"text-align: justify;\"><em>\u201eWo gehobelt wird, da fallen auch Sp\u00e4ne\u201c<\/em> \u2013 auch wir von <a href=\"http:\/\/smago.de\/\">smago.de<\/a> sind gegen Fehler nicht immer gefeit. Unser G\u00e4stebuch soll \u2013 so haben wir es wohlwollend unterstellt, und so hat es langj\u00e4hrige Erfahrung gelehrt \u2013 Beitr\u00e4ge von \u201eechten\u201c Menschen enthalten oder zur Not auch anonym, dann aber auch anonym gekennzeichnet. Wenn jemand sagt, er sei z. B. CHRISTIAN ANDERS, dann gehen wir davon aus, dass der \u201eechte\u201c CHRISTIAN ANDERS den Beitrag geschrieben hat (in den meisten F\u00e4llen ist das dann auch so!) \u2013 auch wenn wir uns manchmal \u201eOh Maria\u201c dabei denken.<\/p>\n<p style=\"text-align: justify;\">Vor einigen Tagen fand sich in unserem G\u00e4stebuch ein von MICHAEL DORTH unterzeichneter Beitrag in unserem G\u00e4stebuch, bei dem wir zugegeben naiv waren. Da wir wissen, dass der Produzent der AMIGOS tats\u00e4chlich regelm\u00e4\u00dfig <i><a href=\"http:\/\/smago.de\/\">smago.de<\/a><\/i> liest, haben wir unterstellt, dass sein Beitrag \u201eecht\u201c sei. Wobei \u2013 wir h\u00e4tten es besser wissen m\u00fcssen \u2013 seine Worte h\u00e4tten echt Nachrichtenwert gehabt.<\/p>\n<p style=\"text-align: justify;\">Der \u2013 wie inzwischen bekannt ist \u2013 anonyme unbekannte Beitrag-Schreiber hat tats\u00e4chlich formuliert, dass im Schlager nur \u201e3-4 Top Frauen\u201c und \u00e4hnlich viele Herren im Schlager richtig Geld verdienen.<\/p>\n<p style=\"text-align: justify;\">Die vielen Corona-Probleme machen allen Branchenteilnehmern viel zu schaffen \u2013 vorsichtig gesagt. Aber der G\u00e4stebuchschreiber hat doch tats\u00e4chlich dar\u00fcber hinaus einen weiteren Missstand zu entdecken geglaubt und behauptet, die G\u00e4steliste der \u201eFeste\u201c-Shows FLORIAN SILBEREISENs best\u00fcnden zu 85 Prozent aus den immer gleichen G\u00e4sten. Wir h\u00e4tten wissen m\u00fcssen, dass so eine Behauptung nicht von einem Insider kommen kann. Wir wissen doch alle, wie abwechslungsreich und stets bunt gemischt das Programm ist: Kommt in der einen Show die Kelly-Family und Angelo KELLY vor, ist in der n\u00e4chsten Show ANGELO und PATRICIA KELLY mit dabei. MAITE KELLY singt mal solo, mal mit ROLAND KAISER. ROSS ANTONY singt mal im gelben, mal im goldenen Anzug \u2013 und mal wird er von 10 rosa Einh\u00f6rnern begleitet, mal von T\u00e4nzern \u2013 das ist doch eine tolle Abwechslung. Und die M\u00fctze von DJ \u00d6TZI hat stets einen etwas anderen Wei\u00dfton \u2013 was f\u00fcr eine Abwechslung!<\/p>\n<p style=\"text-align: justify;\">Au\u00dferdem werden bei Einladungen in die Show ganz strenge Ma\u00dfst\u00e4be angelegt. Wenn z. B. SARAH LOMBARDI einen Schlagerhit mit \u201eTe amo mi amor\u201c hat, darf sie dieses Lied NICHT pr\u00e4sentieren, weil die Fans nat\u00fcrlich viel, viel lieber noch einmal (wie schon im Januar) DJ \u00d6TZI h\u00f6ren m\u00f6chten. Blasmusik ist n\u00e4mlich was Feines.<\/p>\n<p style=\"text-align: justify;\">Genauso wie PATRICIA KELLY. Die hatte vor elf Jahren Brustkrebs, und das ist einfach die viel passendere Geschichte f\u00fcr eine Schlagerlovestory, also verbietet sich jegliche Kritik von selbst.<\/p>\n<p style=\"text-align: justify;\">Geradezu grotesk ist die Aussage des Eintragschreibers, BEN ZUCKER werde \u201edauernd eingeladen\u201c bei den SILBEREISEN-Festen. BEN war nur beim 117., 119., 120., 121., 122., 123., 124., 125., 126., 127., 130. und 131. Fest FLORIAN SILBEREISENs eingeladen. Das hei\u00dft, er fehlte gleich bei DREI Ausgaben seit M\u00e4rz 2017 \u2013 mit anderen Worten ist das Einladeverhalten auch in Richtung BEN ZUCKER sehr ausgewogen.<\/p>\n<p style=\"text-align: justify;\">Oder um es anders zu sagen: Die AMIGOS hatten gerade mal vier Nummer-Eins-Alben in der Zeit. Und BEN ZUCKER konnte schon bei \u201eseinem\u201c 12. Fest, der Schlagerlovestory, seinen ersten Nummer-Eins-Erfolg in den Albumcharts feiern. Die AMIGOS waren in der Zeit einmal dabei \u2013 sogar bei den Schlagerchampions. Also das zeigt doch, dass der Vorwurf individueller Pr\u00e4ferenzen einfach nur v\u00f6llig haltlos ist. Auch die AMIGOs sind ja quasi Stammg\u00e4ste bei den Festen. Immerhin waren sie nicht nur 2020, sondern auch schon 2011 am Start. Das grenzt ja fast an Reiz\u00fcberflutung!<\/p>\n<p style=\"text-align: justify;\">Aber gerade deshalb fanden wir es so spannend \u2013 dass der AMIGOS-Produzent seine Sch\u00fctzlinge indirekt benachteiligt sehen k\u00f6nnte \u2013 so glaubten wir &#8211; in der Besetzungspolitik. DEM haben wir Nachrichtenwert beigemessen. Eine derartige v\u00f6llig haltlose und nicht belegbare Behauptung aufzustellen, die in der Branche noch NIE jemand mit vorgehaltener Hand oder sogar offen ausgesprochen hat, dass die immer gleichen G\u00e4ste in den Shows eingeladen werden, ist ja quasi eine Revolution. Oder kennen Sie jemanden, der so etwas unverhohlen (also nicht mit Maske vor dem Gesicht oder in internen Gespr\u00e4chen) behaupten w\u00fcrde? \u2026 Eben!<\/p>\n<p style=\"text-align: justify;\">Wir bitten daher um Entschuldigung bei MICHAEL DORTH, dass wir ihn mit diesen v\u00f6llig an den Haaren herbeigezogenen Statements in Verbindung gebracht haben. Selbstverst\u00e4ndlich haben wir den von uns irrt\u00fcmlich ver\u00f6ffentlichten Beitrag umgehend gel\u00f6scht, als sich unser Fehler als solcher herausgestellt hat.<\/p>\n<p style=\"text-align: justify;\">Nat\u00fcrlich bitten wir auch beim \u201ePapst\u201c um Abnahme der Beichte, dass wir einen Moment lang diesen G\u00e4stebucheintrag f\u00fcr authentisch gehalten haben, wohl wissend, dass daran auch nicht der kleinste Funken Wahrheit enthalten ist. Aus diesem Grunde haben wir nun freiwillig und besch\u00e4mt dazu hinrei\u00dfen lassen, nochmals darauf hinzuweisen, dass es sich beim besagten G\u00e4stebuch-Eintrag NICHT um ein Statement Herrn DORTHs gehandelt hat.<\/p>\n","protected":false},"excerpt":{"rendered":"<p>Der G\u00e4stebuch-Eintrag von MICHAEL DORTH (Produzent der Amigos, von Daniela Alfinito u.a.) war eine F\u00e4lschung \u2013 warum wir es h\u00e4tten<\/p>\n","protected":false},"author":2,"featured_media":148075,"comment_status":"open","ping_status":"closed","sticky":false,"template":"","format":"standard","meta":{"_FSMCFIC_featured_image_caption":"","_FSMCFIC_featured_image_nocaption":"","_FSMCFIC_featured_image_hide":""},"categories":[29],"tags":[1582],"acf":[],"_links":{"self":[{"href":"https:\/\/smago.de\/ws2\/wp-json\/wp\/v2\/posts\/148180"}],"collection":[{"href":"https:\/\/smago.de\/ws2\/wp-json\/wp\/v2\/posts"}],"about":[{"href":"https:\/\/smago.de\/ws2\/wp-json\/wp\/v2\/types\/post"}],"author":[{"embeddable":true,"href":"https:\/\/smago.de\/ws2\/wp-json\/wp\/v2\/users\/2"}],"replies":[{"embeddable":true,"href":"https:\/\/smago.de\/ws2\/wp-json\/wp\/v2\/comments?post=148180"}],"version-history":[{"count":4,"href":"https:\/\/smago.de\/ws2\/wp-json\/wp\/v2\/posts\/148180\/revisions"}],"predecessor-version":[{"id":148184,"href":"https:\/\/smago.de\/ws2\/wp-json\/wp\/v2\/posts\/148180\/revisions\/148184"}],"wp:featuredmedia":[{"embeddable":true,"href":"https:\/\/smago.de\/ws2\/wp-json\/wp\/v2\/media\/148075"}],"wp:attachment":[{"href":"https:\/\/smago.de\/ws2\/wp-json\/wp\/v2\/media?parent=148180"}],"wp:term":[{"taxonomy":"category","embeddable":true,"href":"https:\/\/smago.de\/ws2\/wp-json\/wp\/v2\/categories?post=148180"},{"taxonomy":"post_tag","embeddable":true,"href":"https:\/\/smago.de\/ws2\/wp-json\/wp\/v2\/tags?post=148180"}],"curies":[{"name":"wp","href":"https:\/\/api.w.org\/{rel}","templated":true}]}}