{"id":148156,"date":"2020-06-09T00:00:40","date_gmt":"2020-06-08T22:00:40","guid":{"rendered":"https:\/\/online.smago.de\/ws2\/?p=148156"},"modified":"2020-06-08T21:52:12","modified_gmt":"2020-06-08T19:52:12","slug":"matthias-reim-ab-01-07-2020-erhaeltlich-schatten-im-paradies-der-bodensee-krimi-mit-matthias-reim-in-der-hauptrolle","status":"publish","type":"post","link":"https:\/\/smago.de\/ws2\/pop-schlager\/matthias-reim-ab-01-07-2020-erhaeltlich-schatten-im-paradies-der-bodensee-krimi-mit-matthias-reim-in-der-hauptrolle\/","title":{"rendered":"MATTHIAS REIM <br>Ab 01.07.2020 erh\u00e4ltlich: &#8222;Schatten im Paradies&#8220; &#8211; der &#8218;Bodensee-Krimi&#8216; mit Matthias Reim in der Hauptrolle!"},"content":{"rendered":"<p>Bis zum 30.06.2020 k\u00f6nnen Sie die DVD HIER zum Sonderpreis von nur \u20ac 10,00 zzgl. Versandkosten bestellen! Sehen Sie HIER zudem diverse Film-Trailer &#8230;:<br \/>\n<!--more--><\/p>\n<p>&nbsp;<\/p>\n<p>&nbsp;<\/p>\n<p style=\"text-align: justify;\">Gerade sind Corona bedingt alle seine Konzerte abgesagt, da erscheint der Kinofilm \u201eSchatten im Paradies\u201c bei dem MATTHIAS REIM im letzten Jahr mitgewirkt hat, ab 1. Juli 2020 als Spezial-DVD.<\/p>\n<p>Matthias Reim lebt seit einigen Jahren in Stockach am sch\u00f6nen Bodensee. Genau dort am Teil des Bodensees spielt auch die Story des Films. Ein Krimi, der etwas anderen Art, denn es gibt keine M\u00f6rder und auch keine Leichen. Daf\u00fcr aber jede Menge Action, Spannung, Humor und nat\u00fcrlich etliche Verbrechen, wie der Klau von 5 Ferrari aus der Ausstellung des MAC Museums in Singen, der Diebstahl des wertvollsten Buches aus der Stiftsbibliothek St. Gallen, oder die Millionenschwere Erpressung der Bregenzer Festspiele.<br \/>\nDarin wird Matthias Reim ungewollt verwickelt, als er einem Harley-Kumpel, einen Gefallen tun will.Ahnungslos wird er Teil des Geschehens.<\/p>\n<p>Matthias Reim \u201espielt\u201c sich selbst und entwickelt dabei enormes schauspielerisches Potenzial.<\/p>\n<p style=\"text-align: justify;\">Die Macher erkl\u00e4ren ihr Projekt wie folgt:<\/p>\n<p style=\"text-align: justify;\"><em>&#8222;In unserem Krimi gibt es &#8211; keine Leichen, oder Mord- und Totschlagsszenarien.<\/em><\/p>\n<p><em>Schade, werden Sie vielleicht denken \u2013 da fehlt doch was?<\/em><\/p>\n<p><em>Wir finden \u2013 nein. <\/em><\/p>\n<p><em>Die Besonderheit eines &#8218;Krimi-Light&#8216; dabei ist z.B., dass es keine M\u00f6rder oder Leichen gibt, daf\u00fcr aber herrliche Schaupl\u00e4tze rund um die Bodenseeregion mit Schweiz, \u00d6sterreich und Deutschland sowie Action, Spannung und Humor, sozusagen eine bunte Mischung aus &#8218;Tatort&#8216; und &#8218;Traumschiff&#8216;.:)&#8220;\u00a0<\/em><\/p>\n<p>Der Privatdetektiv Max Marek, ist mit Hilfe seiner Freundin Simone, einer Kripobeamtin und Helen, seiner Assistentin, intensiv auf der Jagd nach Verbrechern in der Bodenseeregion. Beispielsweise werden 5 Ferraris aus dem MAC Museum, oder das \u00e4lteste deutsche Buch der Stiftbibliothek St.Gallen gestohlen sowie die Sprengung der Bregenzer Festspielb\u00fchne angedroht und vieles mehr.<br \/>\nGedreht wurde ausschlie\u00dflich an Originalschaupl\u00e4tzen.<\/p>\n<p style=\"text-align: justify;\">Neben interessanten und hochtalentierten Nachwuchsschauspieler spielten auch in verschiedenen Rollen, sehr bekannte Gesichter und Namen als Special Guests aus Deutschland mit.<\/p>\n<p>Deutschlands bekanntester Sch\u00f6nheitschirurg Prof. Dr. Werner Mang, Wolfgang Pauritsch, bekannt aus der ZDF Serie \u201eBares f\u00fcr Rares\u201c und Matthias Reim \u201eVerdammt ich lieb Dich\u201c in seiner ersten Spielfilmrolle&#8230;<\/p>\n<p>Besonders ist auch, dass Leihenschauspieler mit Schauspielern zusammengebracht wurden.<\/p>\n<p style=\"text-align: justify;\">Alles in allem &#8211; ein Film f\u00fcr Liebhaber spannender Geschichten und der \u201ebesonderen Lebensart\u201c.<\/p>\n<p>In Eigeninitiative entstanden und finanziert.<\/p>\n<p style=\"text-align: justify;\">Der Kinostart zum zweiten Teil &#8222;Schatten \u00fcber dem Paradies&#8220; verschiebt sich leider auf Grund der Corona-Krise. Angedacht ist Juni.<\/p>\n<p>&nbsp;<\/p>\n<p>&nbsp;<\/p>\n<p style=\"text-align: justify;\"><strong>Der Spielfilm &#8211; Die Philosophie<\/strong><\/p>\n<p style=\"text-align: justify;\">Der Film verzichtet bewusst auf Mord- und Totschlagsszenarien, denn er soll jugendfrei und f\u00fcr die ganze Familie geeignet sein, ohne jedoch auf Spannung, Dramatik und Action zu verzichten.<\/p>\n<p style=\"text-align: justify;\">Getragen wird der Film von eindrucksvollen Landschaftsaufnahmen, von den vielen Stimmungsbildern aus den verschiedenen Orten und die authentisch in Szene gesetzten Schaupl\u00e4tze, die beim Zielpublikum, einen hohen Wiedererkennungswert ergeben.<\/p>\n<p style=\"text-align: justify;\">Auf der einen Seite bunte, opulente, ausdrucksstarke, aber ruhige Bilder der Landschaften, Sehensw\u00fcrdigkeiten, spektakul\u00e4ren Schaupl\u00e4tze mit stimmungsvoller Musik und auf der anderen Seite d\u00fcstere Bildsequenzen, Nachtaufnahmen von Tatorten, und Action-Szenen. Witzige Dialoge und interessante Charaktere runden den Film ab.<\/p>\n<p style=\"text-align: justify;\">Einen gro\u00dfen Wert wurde auf original Protagonisten gelegt, so spielten zum Beispiel die Leiter der Museen, Restaurants sich selbst sowie auch die Prominenz.<\/p>\n<p><strong>Inhalt erster Teil<\/strong><\/p>\n<p style=\"text-align: justify;\">Es ist einiges los in der Vierl\u00e4nderregion.<\/p>\n<p>Privatdetektiv Max Marek kann sich wirklich nicht beklagen, denn seine Auftragslage ist ausgezeichnet. Es sind kleinere und gr\u00f6\u00dfere Beauftragungen, die ihm diskret \u00fcbertragen werden, denn etliche seiner Klienten scheuen den Gang in die \u00d6ffentlichkeit, oder zur Polizei. Seine Kunden sind meist eifers\u00fcchtige Frauen und M\u00e4nner, die den Partner beobachten lassen, oder Gesch\u00e4ftsleute, die sich unlauterer Methoden der Konkurrenz gegen\u00fcber sehen, aber es sind auch F\u00e4lle dabei, in denen durch kriminelle Energie, erheblicher Schaden entsteht. Max B\u00fcro wird von Helen Kreuzer organisiert. Sie wacht \u00fcber seine Termine und k\u00fcmmert sich um seine Finanzen. Simone Weber, seine Freundin, ist bei der Konstanzer Kripo und versucht, soweit m\u00f6glich, Max bei seinen Eins\u00e4tzen behilflich zu sein. Genau, wie Thomas Bertl, der pensionierte Ex &#8211; Polizist, mit viel Erfahrung und genauer Kenntnis der Region.<\/p>\n<p style=\"text-align: justify;\">Alles beginnt mit einem n\u00e4chtlichen Einbruch in das ber\u00fchmte MAC Museum in Singen, dort werden f\u00fcnf Ferraris gestohlen und \u00fcber die Grenze in die Schweiz gebracht. Im Laufe seiner Ermittlungen taucht immer wieder ein mysteri\u00f6ser Gesch\u00e4ftsmann auf &#8211; ein gewisser Gregor Canalis. Dieser scheint seine Finger in vielen verbrecherischen Aktivit\u00e4ten stecken zu haben. Max kommt ihm immer mehr in die Quere und allm\u00e4hlich entwickelt und es wird spannend.<\/p>\n<p style=\"text-align: justify;\">Neben bekannten Szenelokalen werden au\u00dfergew\u00f6hnliche Museen, spektakul\u00e4re Schaupl\u00e4tze und Prominente in das Szenario eingebaut, so ger\u00e4t z.B Matthias Reim unwissend in die Erpressung der Bregenzer Festspiele.<\/p>\n<p style=\"text-align: justify;\"><strong>Inhalt zweiter Teil<\/strong><\/p>\n<p style=\"text-align: justify;\">Basierend auf den Geschehnissen des ersten Teils baut sich Teil 2 auf. Der Detektiv Max Marek hat sich nach dem schweren S\u00e4ureattentat zu einer Auszeit entschlossen. Zusammen mit seiner Freundin, der Polizistin Simone Weber geht er nach Neuseeland, wo sein Onkel lebt und ihm einen Job in seinem Anwaltsb\u00fcro bietet.<\/p>\n<p>Andrea Marek &#8211; Max Mutter &#8211; \u00fcbernimmt vorl\u00e4ufig das Detektivb\u00fcro und hat sich zur Unterst\u00fctzung ihren Neffen Mike Marek ins Boot geholt.<\/p>\n<p style=\"text-align: justify;\">Gregor Canalis ist inzwischen von einem seinerm Geldgeber, Jo Rammlinger, ausgebootet worden, der nun alles in seine eigene Hand nimmt und mit Karel und Igor, die Strippen weiter zieht.<\/p>\n<p>Nur einer regt ihn tierisch auf, Turi von Rickenbach, ein echter gewinner Typ und es entwickelt sich eine elementare Rivalit\u00e4t zwischen den beiden. Es entspinnt ein harter Fight zwischen Jo Rammlinger und Turi von Rickenbach. Jo zieht immer den K\u00fcrzeren, sei es bei einem Race mit Cobras oder mit Rennwagen auf den Circuit de Bresse, oder bei einem Pokerturnier und will sich auf seine Art revanchieren. Dazu entf\u00fchrt er Turis Tochter Severina.<\/p>\n<p>Zudem wird Turi schwer verletzt durch einen Brandanschlag, bei dem Prof. Mang, dieses Mal mit Heli, zum Einsatz kommt.<br \/>\nAber auch Turi ist nicht ohne, er r\u00e4cht sich wiederum mit einer Harley Truppe.<\/p>\n<p style=\"text-align: justify;\">Dazu private Konflikte zwischen Mike Marek und der Trickbetr\u00fcgerin Joy Haffa, zwischen Andrea Marek und ihrem Ex dem Z\u00fcricher Alfred Marek.<\/p>\n<p style=\"text-align: justify;\"><strong>Umsetzung<\/strong><\/p>\n<p style=\"text-align: justify;\">Die Spielfilmproduktion \u201eSchatten \u00fcber dem Bodensee\/Schatten im Paradies\u201c, wurde in der Zeit vom 20.07. 2018 &#8211; 30.01.2020 in der gesamten Bodenseeregion gedreht, mit Schwerpunkten in: Konstanz, Lindau, Friedrichshafen, Singen, Uhldingen, Meersburg, Tettnang, Schaffhausen, Wil, Bregenz, etc.<\/p>\n<p>F\u00fcr mehr als 10 Mio. Menschen, die hier leben oder zu Besuch kommen, ist die Vierl\u00e4nderregion ganz besonders interessant und genau f\u00fcr diese Zielgruppe, ist der Spielfilm konzipiert, denn es werden die attraktivsten Schaupl\u00e4tze und Veranstaltungen, wie z. B. die Bregenzer Festspiele, das Hohentwielfest, Alpen, die Bodensee &#8211; Schifffahrt und diverse Stadt &#8211; Impressionen in Szene gesetzt.<\/p>\n<p style=\"text-align: justify;\">Alles basiert auf einer No Budget Produktion und wurde aus einer Hand produziert.<\/p>\n<p style=\"text-align: justify;\">Der erste Spielfilm &#8222;Schatten \u00fcber dem Bodensee&#8220; stie\u00df in der Region auf Begeisterung.<\/p>\n<hr \/>\n<p style=\"text-align: justify;\">Ab 01.07.2020 erscheint der neue Kinofilm &#8222;Schatten im Paradies&#8220; Teil 1 auf DVD.<\/p>\n<p style=\"text-align: justify;\">Jetzt auch als Spezial-Edition &#8222;Matthias Reim&#8220; HIER zum Sonderpreis von nur 10.00 EUR + Versandkosten (anstatt 13.99 EUR),<br \/>\nnur g\u00fcltig bis Vorverkaufsende am 30.06.2020!<\/p>\n<p>&nbsp;<\/p>\n<p>&nbsp;<\/p>\n<p><iframe loading=\"lazy\" src=\"\/\/www.youtube.com\/embed\/MSPjpZa9ezo?feature=emb_logo\" width=\"560\" height=\"314\" allowfullscreen=\"allowfullscreen\"><\/iframe><\/p>\n<p>&nbsp;<\/p>\n<p>&nbsp;<\/p>\n<p>&nbsp;<\/p>\n<p><iframe loading=\"lazy\" src=\"\/\/www.youtube.com\/embed\/r3CYGUI6ZjA?feature=emb_logo\" width=\"560\" height=\"314\" allowfullscreen=\"allowfullscreen\"><\/iframe><\/p>\n<p>&nbsp;<\/p>\n<p>&nbsp;<\/p>\n<p>&nbsp;<\/p>\n<p><iframe loading=\"lazy\" src=\"\/\/www.youtube.com\/embed\/PusO43BcVr0?feature=emb_logo\" width=\"560\" height=\"314\" allowfullscreen=\"allowfullscreen\"><\/iframe><\/p>\n<p>&nbsp;<\/p>\n<p>&nbsp;<\/p>\n<p>&nbsp;<\/p>\n<figure id=\"attachment_148158\" aria-describedby=\"caption-attachment-148158\" style=\"width: 696px\" class=\"wp-caption alignnone\"><img decoding=\"async\" loading=\"lazy\" class=\"size-nerubian-single wp-image-148158\" src=\"https:\/\/online.smago.de\/ws2\/wp-content\/uploads\/2020\/06\/REIM2-696x522.jpg\" alt=\"\" width=\"696\" height=\"522\" srcset=\"https:\/\/smago.de\/ws2\/wp-content\/uploads\/2020\/06\/REIM2-696x522.jpg 696w, https:\/\/smago.de\/ws2\/wp-content\/uploads\/2020\/06\/REIM2-522x392.jpg 522w, https:\/\/smago.de\/ws2\/wp-content\/uploads\/2020\/06\/REIM2-800x600.jpg 800w, https:\/\/smago.de\/ws2\/wp-content\/uploads\/2020\/06\/REIM2-200x150.jpg 200w, https:\/\/smago.de\/ws2\/wp-content\/uploads\/2020\/06\/REIM2-768x576.jpg 768w, https:\/\/smago.de\/ws2\/wp-content\/uploads\/2020\/06\/REIM2-1536x1152.jpg 1536w, https:\/\/smago.de\/ws2\/wp-content\/uploads\/2020\/06\/REIM2-2048x1536.jpg 2048w, https:\/\/smago.de\/ws2\/wp-content\/uploads\/2020\/06\/REIM2-363x272.jpg 363w, https:\/\/smago.de\/ws2\/wp-content\/uploads\/2020\/06\/REIM2-130x98.jpg 130w, https:\/\/smago.de\/ws2\/wp-content\/uploads\/2020\/06\/REIM2-593x445.jpg 593w, https:\/\/smago.de\/ws2\/wp-content\/uploads\/2020\/06\/REIM2-253x190.jpg 253w, https:\/\/smago.de\/ws2\/wp-content\/uploads\/2020\/06\/REIM2-387x290.jpg 387w\" sizes=\"(max-width: 696px) 100vw, 696px\" \/><figcaption id=\"caption-attachment-148158\" class=\"wp-caption-text\"><em>Foto-Credit: CREATIV Mediengruppe GmbH Co KG<\/em><\/figcaption><\/figure>\n<p>&nbsp;<\/p>\n<p>&nbsp;<\/p>\n<p>&nbsp;<\/p>\n<figure id=\"attachment_148159\" aria-describedby=\"caption-attachment-148159\" style=\"width: 522px\" class=\"wp-caption alignnone\"><img decoding=\"async\" loading=\"lazy\" class=\"size-medium wp-image-148159\" src=\"https:\/\/online.smago.de\/ws2\/wp-content\/uploads\/2020\/06\/REIM3-522x282.png\" alt=\"\" width=\"522\" height=\"282\" srcset=\"https:\/\/smago.de\/ws2\/wp-content\/uploads\/2020\/06\/REIM3-522x282.png 522w, https:\/\/smago.de\/ws2\/wp-content\/uploads\/2020\/06\/REIM3-800x433.png 800w, https:\/\/smago.de\/ws2\/wp-content\/uploads\/2020\/06\/REIM3-277x150.png 277w, https:\/\/smago.de\/ws2\/wp-content\/uploads\/2020\/06\/REIM3-768x415.png 768w, https:\/\/smago.de\/ws2\/wp-content\/uploads\/2020\/06\/REIM3-1536x831.png 1536w, https:\/\/smago.de\/ws2\/wp-content\/uploads\/2020\/06\/REIM3-2048x1107.png 2048w, https:\/\/smago.de\/ws2\/wp-content\/uploads\/2020\/06\/REIM3-392x212.png 392w, https:\/\/smago.de\/ws2\/wp-content\/uploads\/2020\/06\/REIM3-130x70.png 130w, https:\/\/smago.de\/ws2\/wp-content\/uploads\/2020\/06\/REIM3-870x470.png 870w, https:\/\/smago.de\/ws2\/wp-content\/uploads\/2020\/06\/REIM3-292x158.png 292w, https:\/\/smago.de\/ws2\/wp-content\/uploads\/2020\/06\/REIM3-435x235.png 435w, https:\/\/smago.de\/ws2\/wp-content\/uploads\/2020\/06\/REIM3-203x110.png 203w\" sizes=\"(max-width: 522px) 100vw, 522px\" \/><figcaption id=\"caption-attachment-148159\" class=\"wp-caption-text\"><em>Foto-Credit: CREATIV Mediengruppe GmbH Co KG<\/em><\/figcaption><\/figure>\n","protected":false},"excerpt":{"rendered":"<p>Bis zum 30.06.2020 k\u00f6nnen Sie die DVD HIER zum Sonderpreis von nur \u20ac 10,00 zzgl. Versandkosten bestellen! Sehen Sie HIER<\/p>\n","protected":false},"author":2,"featured_media":148157,"comment_status":"open","ping_status":"closed","sticky":false,"template":"","format":"standard","meta":{"_FSMCFIC_featured_image_caption":"","_FSMCFIC_featured_image_nocaption":"","_FSMCFIC_featured_image_hide":""},"categories":[28],"tags":[50],"acf":[],"_links":{"self":[{"href":"https:\/\/smago.de\/ws2\/wp-json\/wp\/v2\/posts\/148156"}],"collection":[{"href":"https:\/\/smago.de\/ws2\/wp-json\/wp\/v2\/posts"}],"about":[{"href":"https:\/\/smago.de\/ws2\/wp-json\/wp\/v2\/types\/post"}],"author":[{"embeddable":true,"href":"https:\/\/smago.de\/ws2\/wp-json\/wp\/v2\/users\/2"}],"replies":[{"embeddable":true,"href":"https:\/\/smago.de\/ws2\/wp-json\/wp\/v2\/comments?post=148156"}],"version-history":[{"count":3,"href":"https:\/\/smago.de\/ws2\/wp-json\/wp\/v2\/posts\/148156\/revisions"}],"predecessor-version":[{"id":148162,"href":"https:\/\/smago.de\/ws2\/wp-json\/wp\/v2\/posts\/148156\/revisions\/148162"}],"wp:featuredmedia":[{"embeddable":true,"href":"https:\/\/smago.de\/ws2\/wp-json\/wp\/v2\/media\/148157"}],"wp:attachment":[{"href":"https:\/\/smago.de\/ws2\/wp-json\/wp\/v2\/media?parent=148156"}],"wp:term":[{"taxonomy":"category","embeddable":true,"href":"https:\/\/smago.de\/ws2\/wp-json\/wp\/v2\/categories?post=148156"},{"taxonomy":"post_tag","embeddable":true,"href":"https:\/\/smago.de\/ws2\/wp-json\/wp\/v2\/tags?post=148156"}],"curies":[{"name":"wp","href":"https:\/\/api.w.org\/{rel}","templated":true}]}}