{"id":148037,"date":"2020-06-08T00:00:54","date_gmt":"2020-06-07T22:00:54","guid":{"rendered":"https:\/\/online.smago.de\/ws2\/?p=148037"},"modified":"2020-06-07T22:23:51","modified_gmt":"2020-06-07T20:23:51","slug":"rene-kollo-cd-veroeffentichung-meine-grosse-liebe-auf-04-09-2020-verschoben","status":"publish","type":"post","link":"https:\/\/smago.de\/ws2\/uncategorized\/rene-kollo-cd-veroeffentichung-meine-grosse-liebe-auf-04-09-2020-verschoben\/","title":{"rendered":"RENE KOLLO <br>CD-Ver\u00f6ffentichung &#8222;Meine gro\u00dfe Liebe&#8220; auf 04.09.2020 verschoben!"},"content":{"rendered":"<p>Urspr\u00fcnglich sollte das Album bereits am 10.07.2020 in den Handel kommen!<br \/>\n<!--more--><\/p>\n<p>&nbsp;<\/p>\n<p>&nbsp;<\/p>\n<p style=\"text-align: justify;\">Er ist der einzige S\u00e4nger, der im Unterhaltungssegment genauso begeistern konnte wie an den renommiertesten Opernh\u00e4usern der Welt: Auf seinem neuen Studioalbum \u201eMeine gro\u00dfe Liebe\u201c interpretiert RENE KOLLO nicht nur seine gr\u00f6\u00dften Schlager-Hits wie \u201eHello, Mary Lou\u201c neu, sondern pr\u00e4sentiert insgesamt gleich ein ganzes Dutzend musikalische Meilensteine im neuen Gewand \u2013 zw\u00f6lf zeitlose Klassiker, die seinen Lebensweg begleitet und gepr\u00e4gt haben.<\/p>\n<p class=\"bbb_show\" style=\"text-align: justify;\">Dass sich diese \u201egro\u00dfe Liebe\u201c immer schon auf ein weites musikalisches Feld bezogen hat, zeigt allein die unglaubliche Spannbreite seiner Erfolge: F\u00fcr die einen ist und bleibt Kollo weltweit der Wagner-Spezialist, der ultimative \u201eHeldentenor\u201c, f\u00fcr die anderen ist er eine Schlager-Ikone, ein Entertainer vom alten Schlag. Was den S\u00e4nger \u00fcber die Jahrzehnte hinweg pers\u00f6nlich bewegt und begleitet hat, zeigt er nun auf \u201eMeine gro\u00dfe Liebe\u201c, das er im Oktober 2019 mit seinem Produzenten Ren\u00e9 M\u00f6ckel in den Berliner Hansa Studios aufgenommen hat.<\/p>\n<p class=\"bbb_show\" style=\"text-align: justify;\"><em>\u201eBevor ich \u2018Hello, Mary Lou\u2019 sang, war ich Mr. Nobody\u201c,<\/em> sagt Ren\u00e9 Kollo r\u00fcckblickend.<em> \u201eAn den Wochenenden machte ich Tanzmusik und konnte mich davon \u00fcber die Woche ern\u00e4hren. Aber ich hatte keinerlei Plan f\u00fcr die Zukunft. Doch dann l\u00e4chelte die \u2018Mary Lou\u2019 mich an und alles wurde anders: Pl\u00f6tzlich ging ich mit Max Greger auf Tournee, auch mit Zarah Leander. Ich konnte mir ein Auto leisten und eine sch\u00f6ne Wohnung \u2013 h\u00e4tte ich das ohne die bezaubernde \u2018Mary Lou\u2019 gekonnt?\u201c<\/em> Weil diese zauberhafte \u201eMary Lou\u201c die wohl wichtigste Wegbereiterin f\u00fcr seine sp\u00e4tere Weltkarriere an der Oper war, besingt Ren\u00e9 Kollo sie nun ein weiteres Mal \u2013 und widmet ihr dieses musikalische Dankesch\u00f6n.<\/p>\n<p class=\"bbb_show\" style=\"text-align: justify;\">So beginnt sein \u201eMeine gro\u00dfe Liebe\u201c-Album mit jenem Song, mit dem vor knapp 60 Jahren alles anfing: \u201eHello, Mary Lou\u201c. So wie im Text die wundersch\u00f6ne Nachbarin immer \u201eso nett daher schaut\u201c, stellen Kollo und M\u00f6ckel auch die Neuinterpretation quasi \u201evis-a-vis\u201c dem Original gegen\u00fcber: Das klingt satter, sehr viel reifer, immer noch wahnsinnig charmant, schwungvoll und \u201eso wie ein Sonnenschein\u201c. Die ungemein passende Zeile \u201eH\u00f6r ich ein Lied, irgendein Lied, das wir gekannt\/denk ich noch immer, wie sch\u00f6n es war\u201c folgt wenig sp\u00e4ter: Auch ein Titel wie \u201eImmer wieder geht die Sonne auf\u201c durfte auf diesem Album nicht fehlen, wo der S\u00e4nger doch schon vor knapp 35 Jahren ein ganzes Udo-J\u00fcrgens-Coveralbum (\u201eMusik war meine erste Liebe\u201c) eingesungen hatte\u2026<\/p>\n<p style=\"text-align: justify;\">Immer wieder sp\u00fcrt man diesen Charme, den schon Rainhard Fendrich einst auf \u201eMacho Macho\u201c besungen hat: Bevor Kollo noch einmal von jener \u201eReise in die Seligkeit\u201c singt, die sich hinter dem eigenen Titel \u201eMeine gro\u00dfe Liebe wohnt in einer kleinen Stadt\u201c verbirgt \u2013 mal ehrlich: Fernbeziehungen waren so viel romantischer, als man noch nicht permanent via Messenger in Kontakt sein konnte \u2013, geht er noch weiter zur\u00fcck in die Vergangenheit, wenn er \u201eSchau mich bitte nicht so an\u201c interpretiert, von Edith Piaf in den Vierzigern als \u201eLa vie en rose\u201c geschrieben. Auf den euphorischen Sprung ins neue Jahrtausend (\u201eEin Stern (der deinen Namen tr\u00e4gt)\u201c) folgt wieder eine R\u00fcckschau: \u201everzeih\u2019n Sie, wenn ich sag: I did it my way\u201c. Auch diesen Titel wissen Kollo und M\u00f6ckel mit sehr viel Fingerspitzengef\u00fchl zu arrangieren \u2013 und er klingt noch eindringlicher, wenn er von jemandem eingesungen wird, der schon so viel erlebt hat\u2026<\/p>\n<p class=\"bbb_show\" style=\"text-align: justify;\">Auch eine Zeile wie \u201eBin kein Rockefeller\/Ich bin auch kein Beau\u201c von Marius M\u00fcller-Westernhagens \u201eWeil ich dich liebe\u201c steht dem 82-j\u00e4hrigen S\u00e4nger bestens. Mit \u201eGoodbye, my love, goodbye\u201c verabschiedet er sich indirekt auch vom zu fr\u00fch verstorbenen Kollegen Demis Roussos, und z\u00fcndet kurz vor Schluss noch mal ein echtes Hit-Feuerwerk: Leinwandgro\u00df klingt \u201e\u00dcber sieben Br\u00fccken\u201c (Peter Maffay), opulent arrangiert ist auch Heinz-Rudolf Kunzes Song \u00fcber die sch\u00f6nsten Schmerzen, die es gibt (\u201eDein Ist mein ganzes Herz\u201c). Davor l\u00e4sst er u.a. minimalistische Strophen auf wuchtige Refrains treffen (\u201eWunder gibt es immer wieder\u201c) und verbindet auch mal schnellere Gesangspassagen mit getragenen Walzermelodien (\u201eWir wollen niemals auseinandergehen\u201c): Alles Klassiker, denen Kollo mit viel Respekt und noch mehr Gef\u00fchl seinen Stempel aufdr\u00fcckt.<\/p>\n<p class=\"bbb_show\" style=\"text-align: justify;\">Als Ren\u00e9 Kollodzieyski im November 1937 in Berlin geboren, sollte sich seine \u201eMary Lou\u201c tats\u00e4chlich als wichtigste Weichenstellerin entpuppen: Ihr Erfolg lie\u00df Kollo einerseits umdenken (denn urspr\u00fcnglich wollte er zum Film). Andererseits gab sie ihm gewisserma\u00dfen das n\u00f6tige Startbudget an die Hand, um ein solides Fundament aufzubauen: <em>\u201eDurch den Erfolg sagte ich mir, dass ich jetzt mal richtig Schauspiel- und Gesangsunterricht nehmen w\u00fcrde.\u201c<\/em> Obwohl \u201eMary Lou\u201c bekannterma\u00dfen nicht sein einziger Schlager-Hit war, zog es ihn bald an die Oper: <em>\u201eNach ungef\u00e4hr f\u00fcnf Jahren sang ich dann in Braunschweig vor.\u201c<\/em> Ab da ging alles Schlag auf Schlag, seine Karriere f\u00fchrte ihn geradewegs nach Bayreuth auf den Gr\u00fcnen H\u00fcgel: Als Steuermann war er in einer Neuproduktion des \u201eFliegenden Holl\u00e4nders\u201c so erfolgreich, dass Kollo bald darauf zum Wagner-Tenor par excellence avancierte. Er gl\u00e4nzte als Lohengrin, als Siegfried, als Tristan. Marathon-Herausforderungen, \u00fcber die Kritiker sagen: bis heute unerreicht. <em>\u201eW\u00e4re das ohne die \u2018Mary Lou\u2019 m\u00f6glich gewesen?\u201c<\/em><\/p>\n<p class=\"bbb_show\" style=\"text-align: justify;\"><em>\u201eWochen sp\u00e4ter machte ich mit Herbert von Karajan eine Gesamtaufnahme der \u2018Meistersinger\u2019 in Dresden. Karajan und ich gingen in Dresden spazieren, und er sagte zu den Presseleuten, dass er 40 Jahre auf einen solchen Stolzing gewartet h\u00e4tte. Damit war ich nat\u00fcrlich schlagartig weltbekannt\u2026 das ging durch die Klassikwelt wie ein Lauffeuer.\u201c<br \/>\n<\/em><br \/>\nTats\u00e4chlich folgten Auftritte in aller Welt \u2013 von New York bis London, von Wien bis Tokio \u2013, wobei Kollo auch immer wieder an die Deutsche Oper in Berlin f\u00fcr gefeierte Heimspiele oder nach M\u00fcnchen an die Bayerische Staatsoper zur\u00fcckkehrte. Als reiner Operns\u00e4nger gefiel er sich dabei nie und machte zwischenzeitlich immer wieder Abstecher auf anderes Terrain: Mal als Theater-Intendant, mal als Musical-Schirmherr; zwischendurch moderierte er jahrelang eine erfolgreiche ZDF-Show wie \u201eIch lade gern mir G\u00e4ste ein\u201c. Mehr noch: Kollo befasste sich auch mit Geschichtsschreibung, verfasste einen Krimi, er\u00f6ffnete sogar mal kurz ein Restaurant f\u00fcr seine Tochter.<\/p>\n<p style=\"text-align: justify;\">Vor allem aber hatte er nie ein Problem damit, einfach Unterhaltsames zu machen \u2013 so wie vor ihm schon der Vater und der Gro\u00dfvater, die beide vorwiegend Schlager und Revuen komponiert hatten.<\/p>\n<p class=\"bbb_show\" style=\"text-align: justify;\">Kaum ein Entertainer konnte sich \u00e4hnlich elegant und frei zwischen den sonst so streng getrennten Bereichen E- und U-Musik bewegen \u2013 und sich genau deshalb \u00fcber Jahrzehnte hinweg treu bleiben. Schon 1979 mit dem Bundesverdienstkreuz am Bande geehrt, folgte 15 Jahre sp\u00e4ter auch das Bundesverdienstkreuz 1. Klasse; dazu konnte er sich \u00fcber den Bayerischen Verdienstorden, 2 GRAMMY Awards sowie etliche weitere Preise freuen. Zuletzt bekam der S\u00e4nger, der sich zur Jahrtausendwende aus dem Ersten Tenorfach zur\u00fcckzog, den \u00d6sterreichischen Musiktheaterpreis f\u00fcr sein Lebenswerk verliehen.<\/p>\n<p class=\"bbb_show\" style=\"text-align: justify;\"><em>\u201eW\u00e4re das alles ohne die \u2018Mary Lou\u2019 so geworden?\u201c,<\/em> fragt er ein weiteres Mal \u2013 und hat die Antwort nat\u00fcrlich auch parat: <em>\u201eSie hat mich damals an die Hand genommen und in die Welt hinausgeschubst. Jetzt, nach 50 Jahren Weltkarriere, will ich den Kreis schlie\u00dfen und mich bei ihr bedanken f\u00fcr ein unglaubliches, anstrengendes, aber wunderbares Leben.\u201c<\/em><\/p>\n<p class=\"bbb_show\" style=\"text-align: justify;\">RENE KOLLO bedankt sich bei seiner \u201eMary Lou\u201c \u2013 und singt den Soundtrack seines Lebens: Das Album \u201eMeine gro\u00dfe Liebe\u201c erscheint am 4. September 2020 bei TELAMO. (Die CD-Ver\u00f6ffentlichung war urspr\u00fcnglich f\u00fcr den 10.07.2020 vorgesehen.)<\/p>\n<p>&nbsp;<\/p>\n<p><img decoding=\"async\" loading=\"lazy\" class=\"alignnone size-nerubian-single wp-image-143268\" src=\"https:\/\/online.smago.de\/ws2\/wp-content\/uploads\/2020\/03\/ReneCC81_Kollo_Meine_groC39Fe_Liebe_CD-Cover_4053804314336-522x522.jpg\" alt=\"\" width=\"522\" height=\"522\" srcset=\"https:\/\/smago.de\/ws2\/wp-content\/uploads\/2020\/03\/ReneCC81_Kollo_Meine_groC39Fe_Liebe_CD-Cover_4053804314336-522x522.jpg 522w, https:\/\/smago.de\/ws2\/wp-content\/uploads\/2020\/03\/ReneCC81_Kollo_Meine_groC39Fe_Liebe_CD-Cover_4053804314336-800x800.jpg 800w, https:\/\/smago.de\/ws2\/wp-content\/uploads\/2020\/03\/ReneCC81_Kollo_Meine_groC39Fe_Liebe_CD-Cover_4053804314336-150x150.jpg 150w, https:\/\/smago.de\/ws2\/wp-content\/uploads\/2020\/03\/ReneCC81_Kollo_Meine_groC39Fe_Liebe_CD-Cover_4053804314336-768x768.jpg 768w, https:\/\/smago.de\/ws2\/wp-content\/uploads\/2020\/03\/ReneCC81_Kollo_Meine_groC39Fe_Liebe_CD-Cover_4053804314336-272x272.jpg 272w, https:\/\/smago.de\/ws2\/wp-content\/uploads\/2020\/03\/ReneCC81_Kollo_Meine_groC39Fe_Liebe_CD-Cover_4053804314336-600x600.jpg 600w, https:\/\/smago.de\/ws2\/wp-content\/uploads\/2020\/03\/ReneCC81_Kollo_Meine_groC39Fe_Liebe_CD-Cover_4053804314336-130x130.jpg 130w, https:\/\/smago.de\/ws2\/wp-content\/uploads\/2020\/03\/ReneCC81_Kollo_Meine_groC39Fe_Liebe_CD-Cover_4053804314336-445x445.jpg 445w, https:\/\/smago.de\/ws2\/wp-content\/uploads\/2020\/03\/ReneCC81_Kollo_Meine_groC39Fe_Liebe_CD-Cover_4053804314336-190x190.jpg 190w, https:\/\/smago.de\/ws2\/wp-content\/uploads\/2020\/03\/ReneCC81_Kollo_Meine_groC39Fe_Liebe_CD-Cover_4053804314336-290x290.jpg 290w, https:\/\/smago.de\/ws2\/wp-content\/uploads\/2020\/03\/ReneCC81_Kollo_Meine_groC39Fe_Liebe_CD-Cover_4053804314336.jpg 1462w\" sizes=\"(max-width: 522px) 100vw, 522px\" \/><\/p>\n","protected":false},"excerpt":{"rendered":"<p>Urspr\u00fcnglich sollte das Album bereits am 10.07.2020 in den Handel kommen!<\/p>\n","protected":false},"author":2,"featured_media":143267,"comment_status":"open","ping_status":"closed","sticky":false,"template":"","format":"standard","meta":{"_FSMCFIC_featured_image_caption":"","_FSMCFIC_featured_image_nocaption":"","_FSMCFIC_featured_image_hide":""},"categories":[1],"tags":[1423],"acf":[],"_links":{"self":[{"href":"https:\/\/smago.de\/ws2\/wp-json\/wp\/v2\/posts\/148037"}],"collection":[{"href":"https:\/\/smago.de\/ws2\/wp-json\/wp\/v2\/posts"}],"about":[{"href":"https:\/\/smago.de\/ws2\/wp-json\/wp\/v2\/types\/post"}],"author":[{"embeddable":true,"href":"https:\/\/smago.de\/ws2\/wp-json\/wp\/v2\/users\/2"}],"replies":[{"embeddable":true,"href":"https:\/\/smago.de\/ws2\/wp-json\/wp\/v2\/comments?post=148037"}],"version-history":[{"count":1,"href":"https:\/\/smago.de\/ws2\/wp-json\/wp\/v2\/posts\/148037\/revisions"}],"predecessor-version":[{"id":148038,"href":"https:\/\/smago.de\/ws2\/wp-json\/wp\/v2\/posts\/148037\/revisions\/148038"}],"wp:featuredmedia":[{"embeddable":true,"href":"https:\/\/smago.de\/ws2\/wp-json\/wp\/v2\/media\/143267"}],"wp:attachment":[{"href":"https:\/\/smago.de\/ws2\/wp-json\/wp\/v2\/media?parent=148037"}],"wp:term":[{"taxonomy":"category","embeddable":true,"href":"https:\/\/smago.de\/ws2\/wp-json\/wp\/v2\/categories?post=148037"},{"taxonomy":"post_tag","embeddable":true,"href":"https:\/\/smago.de\/ws2\/wp-json\/wp\/v2\/tags?post=148037"}],"curies":[{"name":"wp","href":"https:\/\/api.w.org\/{rel}","templated":true}]}}