{"id":147944,"date":"2020-06-07T00:01:25","date_gmt":"2020-06-06T22:01:25","guid":{"rendered":"https:\/\/online.smago.de\/ws2\/?p=147944"},"modified":"2020-06-08T00:25:29","modified_gmt":"2020-06-07T22:25:29","slug":"michael-wendler-silbereisen-sei-wachsam","status":"publish","type":"post","link":"https:\/\/smago.de\/ws2\/pop-schlager\/michael-wendler-silbereisen-sei-wachsam\/","title":{"rendered":"MICHAEL WENDLER <br>Silbereisen, sei wachsam:"},"content":{"rendered":"<p>&#8222;Laura &amp; Der Wendler &#8211; Jetzt wird geheiratet!&#8220; &#8211; &#8222;Amerika, wir kommen?!&#8220; \/\/ ab 22.06.2020, 20:15 Uhr &#8211; 21:15 Uhr, VOX!<br \/>\n<!--more--><\/p>\n<p>&nbsp;<\/p>\n<p>&nbsp;<\/p>\n<p style=\"text-align: justify;\"><span class=\"kurztext\">Schlagers\u00e4nger MICHAEL WENDLER hat sich f\u00fcr diesen Sommer ein gro\u00dfes Ziel gesetzt: Er will seine 28 Jahre j\u00fcngere Freundin in den USA heiraten. Aber wie wahrscheinlich ist eine Traumhochzeit in Las Vegas, wenn Trump die Grenzen weiter dicht macht? <\/span><\/p>\n<p style=\"text-align: justify;\"><span class=\"kurztext\">Die Reihe begleitet das Paar bei seinen Hochzeitsvorbereitungen. Auf dem Weg zum Altar warten noch kleinere und gr\u00f6\u00dfere H\u00fcrden auf die beiden. <\/span><span class=\"langtext\">Schlagers\u00e4nger Michael Wendler hat sich f\u00fcr diesen Sommer ein gro\u00dfes Ziel gesetzt: Er will seine 28 Jahre j\u00fcngere Freundin in den USA heiraten. Aber wie wahrscheinlich ist eine Traumhochzeit in Las Vegas, wenn Trump die Grenzen weiter dicht macht? Die Reihe begleitet das Paar bei seinen Hochzeitsvorbereitungen. <\/span><\/p>\n<p style=\"text-align: justify;\"><span class=\"langtext\">Auf dem Weg zum Altar warten noch kleinere und gr\u00f6\u00dfere H\u00fcrden auf die beiden. Michael muss die Scheidung mit Noch-Frau Claudia \u00fcber die B\u00fchne bringen. Er muss seiner Laura noch einen Antrag machen. Denn noch fehlt das Ja-Wort. <\/span><\/p>\n<p style=\"text-align: justify;\"><span class=\"langtext\">In Folge 1 versuchen Laura und der Wendler erst einmal F\u00fc\u00dfe auf amerikanischen Boden zu setzen &#8211; es wird eine abenteuerliche Reise nach Amerika.<\/span><\/p>\n","protected":false},"excerpt":{"rendered":"<p>&#8222;Laura &amp; Der Wendler &#8211; Jetzt wird geheiratet!&#8220; &#8211; &#8222;Amerika, wir kommen?!&#8220; \/\/ ab 22.06.2020, 20:15 Uhr &#8211; 21:15 Uhr,<\/p>\n","protected":false},"author":2,"featured_media":147945,"comment_status":"open","ping_status":"closed","sticky":false,"template":"","format":"standard","meta":{"_FSMCFIC_featured_image_caption":"","_FSMCFIC_featured_image_nocaption":"","_FSMCFIC_featured_image_hide":""},"categories":[28,128],"tags":[177],"acf":[],"_links":{"self":[{"href":"https:\/\/smago.de\/ws2\/wp-json\/wp\/v2\/posts\/147944"}],"collection":[{"href":"https:\/\/smago.de\/ws2\/wp-json\/wp\/v2\/posts"}],"about":[{"href":"https:\/\/smago.de\/ws2\/wp-json\/wp\/v2\/types\/post"}],"author":[{"embeddable":true,"href":"https:\/\/smago.de\/ws2\/wp-json\/wp\/v2\/users\/2"}],"replies":[{"embeddable":true,"href":"https:\/\/smago.de\/ws2\/wp-json\/wp\/v2\/comments?post=147944"}],"version-history":[{"count":2,"href":"https:\/\/smago.de\/ws2\/wp-json\/wp\/v2\/posts\/147944\/revisions"}],"predecessor-version":[{"id":147947,"href":"https:\/\/smago.de\/ws2\/wp-json\/wp\/v2\/posts\/147944\/revisions\/147947"}],"wp:featuredmedia":[{"embeddable":true,"href":"https:\/\/smago.de\/ws2\/wp-json\/wp\/v2\/media\/147945"}],"wp:attachment":[{"href":"https:\/\/smago.de\/ws2\/wp-json\/wp\/v2\/media?parent=147944"}],"wp:term":[{"taxonomy":"category","embeddable":true,"href":"https:\/\/smago.de\/ws2\/wp-json\/wp\/v2\/categories?post=147944"},{"taxonomy":"post_tag","embeddable":true,"href":"https:\/\/smago.de\/ws2\/wp-json\/wp\/v2\/tags?post=147944"}],"curies":[{"name":"wp","href":"https:\/\/api.w.org\/{rel}","templated":true}]}}