{"id":147837,"date":"2020-06-04T23:59:08","date_gmt":"2020-06-04T21:59:08","guid":{"rendered":"https:\/\/online.smago.de\/ws2\/?p=147837"},"modified":"2020-06-04T22:20:53","modified_gmt":"2020-06-04T20:20:53","slug":"zdf-40-jahre-teletext-im-zdf","status":"publish","type":"post","link":"https:\/\/smago.de\/ws2\/smago-informiert\/zdf-40-jahre-teletext-im-zdf\/","title":{"rendered":"&#8222;ZDF&#8220; <br>40 Jahre Teletext im ZDF!"},"content":{"rendered":"<p>Das Jubil\u00e4um fiel auf Pfingstmontag (01.06.2020) &#8230;:<br \/>\n<!--more--><\/p>\n<p>&nbsp;<\/p>\n<p>&nbsp;<\/p>\n<p style=\"text-align: justify;\">Vor 40 Jahren flimmerte der Teletext von ARD und ZDF erstmals von den Bildschirmen, analog ausgestrahlt \u00fcber die sogenannte &#8222;Austastl\u00fccke&#8220; \u2013 heute, im digitalen Zeitalter, ist der ZDFtext weiter gefragt. Der Teletext startete am 1. Juni 1980 und steht heute f\u00fcr vier Jahrzehnte fundierte Programmbegleitung. F\u00fcr manche Zuschauerinnen und Zuschauer hat das &#8222;Gr\u00fcn-auf-Schwarz&#8220; Kultcharakter: F\u00fcr bis zu drei Millionen Menschen t\u00e4glich sind die Rollseiten Basis f\u00fcr schnelle und zuverl\u00e4ssige Information \u2013 von Bundesliga bis Biowetter, von Talkrunde bis Thementag, von Lottozahlen bis Literaturpreis.<\/p>\n<p style=\"text-align: justify;\">Am 1. Juni 1980 starteten ARD und ZDF die Testausstrahlung ihres &#8222;programmbegleitenden Textangebotes&#8220; in der Struktur einer &#8222;ARD\/ZDF-Videotext-Redaktion&#8220;. Der bundesweite Testbetrieb markierte die Geburtsstunde des deutschsprachigen Teletextes. 1990 ging das Videotext-Angebot der \u00f6ffentlich-rechtlichen Rundfunkanstalten in den Regelbetrieb. Und seit dem Jahr 2000 bieten ARD und ZDF jeweils eigene Teletexte an. Seitdem st\u00e4rkt der ZDFtext, der seit dem 1. Januar 2001 werbefrei ist, die Marke ZDF mit seinem Informationsangebot, ausgerichtet an den Qualit\u00e4ten \u00dcbersichtlichkeit und Kontinuit\u00e4t.<\/p>\n<p style=\"text-align: justify;\">Der ZDFtext ist auch im digitalen Zeitalter weiter nachfragt \u2013 im Internet unter <a href=\"https:\/\/zdftext.de\/\" target=\"_blank\" rel=\"noopener noreferrer\">https:\/\/zdftext.de<\/a> und als App. Der ZDFtext ist auf allen g\u00e4ngigen Browsern, Tablets und Smartphones barrierefrei zu empfangen. Die \u00f6ffentlich-rechtlichen Teletexte sind seit den Anf\u00e4ngen der Barrierefreiheit verpflichtet. Das Untertitelangebot auf ZDFtext-Seite 777 wird stetig erweitert und liegt heute bei mehr als 80 Prozent des Gesamtprogramms.<\/p>\n","protected":false},"excerpt":{"rendered":"<p>Das Jubil\u00e4um fiel auf Pfingstmontag (01.06.2020) &#8230;:<\/p>\n","protected":false},"author":2,"featured_media":147838,"comment_status":"open","ping_status":"closed","sticky":false,"template":"","format":"standard","meta":{"_FSMCFIC_featured_image_caption":"","_FSMCFIC_featured_image_nocaption":"","_FSMCFIC_featured_image_hide":""},"categories":[33],"tags":[135],"acf":[],"_links":{"self":[{"href":"https:\/\/smago.de\/ws2\/wp-json\/wp\/v2\/posts\/147837"}],"collection":[{"href":"https:\/\/smago.de\/ws2\/wp-json\/wp\/v2\/posts"}],"about":[{"href":"https:\/\/smago.de\/ws2\/wp-json\/wp\/v2\/types\/post"}],"author":[{"embeddable":true,"href":"https:\/\/smago.de\/ws2\/wp-json\/wp\/v2\/users\/2"}],"replies":[{"embeddable":true,"href":"https:\/\/smago.de\/ws2\/wp-json\/wp\/v2\/comments?post=147837"}],"version-history":[{"count":2,"href":"https:\/\/smago.de\/ws2\/wp-json\/wp\/v2\/posts\/147837\/revisions"}],"predecessor-version":[{"id":147840,"href":"https:\/\/smago.de\/ws2\/wp-json\/wp\/v2\/posts\/147837\/revisions\/147840"}],"wp:featuredmedia":[{"embeddable":true,"href":"https:\/\/smago.de\/ws2\/wp-json\/wp\/v2\/media\/147838"}],"wp:attachment":[{"href":"https:\/\/smago.de\/ws2\/wp-json\/wp\/v2\/media?parent=147837"}],"wp:term":[{"taxonomy":"category","embeddable":true,"href":"https:\/\/smago.de\/ws2\/wp-json\/wp\/v2\/categories?post=147837"},{"taxonomy":"post_tag","embeddable":true,"href":"https:\/\/smago.de\/ws2\/wp-json\/wp\/v2\/tags?post=147837"}],"curies":[{"name":"wp","href":"https:\/\/api.w.org\/{rel}","templated":true}]}}