{"id":147780,"date":"2020-06-05T00:00:40","date_gmt":"2020-06-04T22:00:40","guid":{"rendered":"https:\/\/online.smago.de\/ws2\/?p=147780"},"modified":"2020-06-04T18:25:06","modified_gmt":"2020-06-04T16:25:06","slug":"bernhard-brink-birgit-schrowange-heute-05-06-2020-in-der-ndr-talk-show-zu-gast","status":"publish","type":"post","link":"https:\/\/smago.de\/ws2\/schlager\/bernhard-brink-birgit-schrowange-heute-05-06-2020-in-der-ndr-talk-show-zu-gast\/","title":{"rendered":"BERNHARD BRINK, BIRGIT SCHROWANGE <br>Heute (05.06.2020) in der &#8222;NDR Talk Show&#8220; zu Gast!"},"content":{"rendered":"<p style=\"text-align: justify;\">NDR fernsehen, 22:00 Uhr &#8211; 00:15 Uhr + hr fernsehen, 22:00 Uhr \u2013 00:05 Uhr! Barbara Sch\u00f6neberger und Hubertus Meyer-Burckhardt!<br \/>\n<!--more--><\/p>\n<p>&nbsp;<\/p>\n<p>&nbsp;<\/p>\n<p>&nbsp;<\/p>\n<h3 style=\"text-align: justify;\">Carolin Kebekus, Comedian<\/h3>\n<div class=\"contentimage w50\" style=\"text-align: justify;\">\n<div class=\"image-container landscape\"><\/div>\n<\/div>\n<p style=\"text-align: justify;\">Sie ist eine der beliebtesten und erfolgreichsten Comedians des Landes. Mit ihrer TV-Show &#8222;PussyTerror TV&#8220; erreichte sie Millionen von Zuschauern und gewann diverse Preise. Die letzte Ausgabe des Erfolgsformats wurde im Juli 2019 ausgestrahlt und nun kehrt Carolin Kebekus auf den Bildschirm zur\u00fcck. Ab dem 21. Mai hat sie eine neue Show im WDR, die &#8222;Carolin Kebekus Show&#8220;, die zun\u00e4chst achtmal w\u00f6chentlich ausgestrahlt wird. WDR Intendant Tom Buhrow k\u00fcndigt &#8222;intelligente Unterhaltung mit Herz und Haltung&#8220; an. Die perfekte Ablenkung also in Zeiten der Corona-Krise. \u00dcber die macht sich Carolin Kebekus nat\u00fcrlich auch so ihre Gedanken und freut sich darauf am meisten darauf, nach der Krise endlich wieder auf der B\u00fchne zu stehen und ihre Familie und Freunde in den Arm zu nehmen.<\/p>\n<p>&nbsp;<\/p>\n<p>&nbsp;<\/p>\n<p>&nbsp;<\/p>\n<p>&nbsp;<\/p>\n<h3 style=\"text-align: justify;\">Barbara Becker, Designerin und Autorin<\/h3>\n<div class=\"contentimage w50\" style=\"text-align: justify;\">\n<div class=\"image-container landscape\"><\/div>\n<\/div>\n<p style=\"text-align: justify;\">Barbara Becker ist l\u00e4ngst nicht mehr nur als Ex-Frau von Tennislegende Boris Becker bekannt. Die geb\u00fcrtige Heidelbergerin ist mittlerweile erfolgreiche Designerin, Fitnessexpertin, Model, Schauspielerin und Autorin. Die Mutter von zwei S\u00f6hnen, Noah und Elias Becker, lebt seit 20 Jahren in Miami, Florida. Und so sch\u00f6n ihr Ausblick auf die Skyline von South Beach auch sein mag, zur Zeit tr\u00fcben andere Bilder die Stimmung der 53-J\u00e4hrigen: Die teils gewaltsamen Proteste in den USA anl\u00e4sslich des Tods des Afroamerikaners George Floyd durch die Hand eines wei\u00dfen Polizisten. Rassismus ist f\u00fcr Barbara Becker, die in Pforzheim und Karlsruhe aufgewachsen ist, schon ihr Leben lang ein Thema. &#8222;Ich war damals in Karlsruhe das einzige schwarze Kind in der Schule. Im Bus kam der Kontrolleuer immer zuerst zu mir, egal, wo ich sa\u00df.&#8220; Auch nach der Geburt ihres j\u00fcngeren Sohnes Elias wird Becker immer wieder gefragt, ob sie die Nanny vom hellh\u00e4utigen, blonden Elias sei. 2018 wird ihr Sohn Noah auf dem Twitter-Profil eines AfD-Politikers rassistisch diffamiert. Umso st\u00e4rker f\u00fchlt die Wahl-Amerikanerin mit denen mit, die zurzeit gegen Rassismus auf die Stra\u00dfe gehen. In der &#8222;NDR Talk Show&#8220; wird Barbara Becker erz\u00e4hlen, wie sie die derzeitige Stimmung in den USA erlebt, welche Sorgen und \u00c4ngste sie umtreiben und wie sie in diesen Tagen versucht, ein Zeichen gegen Rassismus zu setzen.<\/p>\n<p>&nbsp;<\/p>\n<p>&nbsp;<\/p>\n<p>&nbsp;<\/p>\n<p>&nbsp;<\/p>\n<h3 style=\"text-align: justify;\">Bernhard Brink, S\u00e4nger<\/h3>\n<div class=\"contentimage w50\" style=\"text-align: justify;\"><\/div>\n<p style=\"text-align: justify;\">Seit fast 50 Jahren ist Bernhard Brink inzwischen im Showgesch\u00e4ft. Seine Stimme ist im Laufe der Jahre zwar &#8222;schmutziger&#8220; geworden, aber der geb\u00fcrtige Niedersachse &#8222;steht f\u00fcr Kontinuit\u00e4t&#8220; und begeistert seine Fans seit Jahrzehnten und geht auch 2020 wieder auf Tour. Fast w\u00e4re er Jurist geworden, zumindest war er eingeschrieben f\u00fcr Jura, wurde aber nach 16 Jahren exmatrikuliert, nachdem er keine Pr\u00fcfung abgelegt hatte und sich mehr seiner Musikkarriere gewidmet hat. Sehr zur Freude seiner Fans. Neben seiner Gesangsstimme ist er bekannt daf\u00fcr auch sonst Stimme zu zeigen. Er sagt seine Meinung &#8211; Shitstorm hin oder her. Ein Mann mit lauter Stimme: Bernhard Brink.<\/p>\n<h3><\/h3>\n<h3><\/h3>\n<h3><\/h3>\n<h3><\/h3>\n<h3 style=\"text-align: justify;\">Wolfgang Joop, Modemacher<\/h3>\n<div class=\"contentimage w50\" style=\"text-align: justify;\">\n<div class=\"image-container landscape\"><\/div>\n<\/div>\n<p style=\"text-align: justify;\">Kaum ein Name steht hierzulande so sehr f\u00fcr Glamour, Geschmack und internationalem Flair wie der vom Modemacher Wolfgang Joop. Und er h\u00e4lt, was er verspricht. Bis heute z\u00e4hlt Joop zum schillernden Dreigestirn der deutschen Mode: neben Karl Lagerfeld und Jil Sander ist er nach wie vor gleichsam erfolgreich wie ber\u00fchmt &#8211; und das weit \u00fcber die Modewelt hinaus. Dabei blickt Joop in seiner langen Karriere nicht nur auf H\u00f6henfl\u00fcge zur\u00fcck. Oft musste er R\u00fcckschl\u00e4ge einstecken &#8211; aber er stand immer wieder auf und ist ein Meister des Neuanfangs. In der NDR Talk Show gew\u00e4hrt der Meister Einblicke in seine alles andere als gew\u00f6hnliche Biografie. Wolfgang Joop wurde in den Wirren kurz vor Ende des 2. Weltkrieges geboren, galt als verzogenes Wunderkind, entdeckte fr\u00fch sein Talent f\u00fcrs Zeichnen und k\u00e4mpfte sich hinein in die Welt der Sch\u00f6nen und Reichen. Sein Leben, eine Achterbahnfahrt.<\/p>\n<p>&nbsp;<\/p>\n<p>&nbsp;<\/p>\n<p>&nbsp;<\/p>\n<div class=\"contentbox list voll\" style=\"text-align: justify;\">\n<div class=\"boxhead\"><\/div>\n<\/div>\n<h3 style=\"text-align: justify;\">Margot K\u00e4\u00dfmann, Theologin<\/h3>\n<div class=\"contentimage w50\" style=\"text-align: justify;\"><\/div>\n<p style=\"text-align: justify;\">Margot K\u00e4\u00dfmann geh\u00f6rt zu den bekanntesten und beliebtesten kirchlichen Pers\u00f6nlichkeiten Deutschlands. Schon in ihrer Zeit als Ratsvorsitzende der Evangelischen Kirche Deutschlands gewann sie mit ihrer geradlinigen Art die Sympathien vieler Menschen. Auch nach ihrem R\u00fccktritt vor 10 Jahren und ihrem R\u00fcckzug in die Fr\u00fchrente vor zwei Jahren wird ihr Wort geh\u00f6rt, ihr Rat gesucht und ihre Meinung gefragt. Und das besonders in Krisenzeiten. In ihrem aktuellen Buch &#8222;Nur Mut. Die Kraft der Besonnenheit in Zeiten der Krise&#8220; schreibt sie: &#8222;Ein altes Wort ist f\u00fcr mich zu einer Art Anker geworden: ?Besonnenheit`. Das ist der richtige Begriff zwischen Sorglosigkeit und Panik.&#8220; Was uns die Coronakrise lehren kann und sollte, dar\u00fcber erz\u00e4hlt die Mutter von vier T\u00f6chtern und sieben Enkeln in der NDR Talk Show.<\/p>\n<h3><\/h3>\n<h3><\/h3>\n<h3><\/h3>\n<h3><\/h3>\n<h3 style=\"text-align: justify;\">Birgit Schrowange, Moderatorin<\/h3>\n<div class=\"contentimage w50\" style=\"text-align: justify;\"><\/div>\n<p style=\"text-align: justify;\">Sie ist eine Powerfrau und f\u00fcr viele in ihrem Alter ein gro\u00dfes Vorbild. 25 Jahre lang war sie das Gesicht von &#8222;RTL-Extra&#8220;, am 23. Dezember 2019 war sie zuletzt auf Sendung und schloss damit ihre 40 Jahre lange TV-Karriere ab. Jetzt kommt der n\u00e4chste Lebensabschnitt und der verspricht spannend zu werden. Sie ist bekannt daf\u00fcr, zu ihrem Ater zu stehen, aufsehenerregend war ihr &#8222;Experiment&#8220;, die nat\u00fcrlich grauen Haare rauswachsen zu lassen und so pl\u00f6tzlich vor der Kamera zu erscheinen. Ausgerechnet in dieser Zeit lernte sie den Mann ihres Lebens kennen, der ihr im vergangenen Jahr einen Heiratsantrag machte. Die Planungen zur Hochzeit laufen. &#8222;Birgit ungeschminkt&#8220; hei\u00dft das Buch in dem sie ihre Erinnerungen an ihr buntes Leben und ihre Einstellung dazu schildert. Ungeschminkt wird sie in der NDR Talk Show von diesen Erinnerungen erz\u00e4hlen und davon, wie sie ihren Zuk\u00fcnftigen kennen gelernt hat.<\/p>\n<p>&nbsp;<\/p>\n<p>&nbsp;<\/p>\n<p>&nbsp;<\/p>\n<p>&nbsp;<\/p>\n<h3 style=\"text-align: justify;\">Lili Paul-Roncalli, Zirkusartistin<\/h3>\n<div class=\"contentimage w50\" style=\"text-align: justify;\"><\/div>\n<p style=\"text-align: justify;\">Sie ist ein echtes Zirkuskind: Lili Paul-Roncalli wurde 1998 als j\u00fcngstes Kind des \u00d6sterreichers Bernhard Paul, dem Mitbegr\u00fcnder des Circus Roncalli, und der italienischen Artistin Eliana Larible-Paul geboren. Seit ihrem sechsten Lebensjahr trainierte das Nesth\u00e4kchen der Familie mit den Artisten des Circus Roncalli. 2013 trat sie mit ihren Geschwistern Vivian und Adrian erstmals als Rollschuh-Akrobatin auf. 2020 tauschte die 22-j\u00e4hrige \u00d6sterreicherin die Zirkusmanege gegen den Fernseh-Bildschirm: Bei der Tanzshow &#8222;Let&#8217;s Dance&#8220; begeisterte Lili gemeinsam mit Tanzpartner Massimo Sinato ein Millionenpublikum und ging als Siegerin der 13. Staffel hervor. Ob das Tanztraining f\u00fcr die Kameras h\u00e4rter war als die Zirkusartistik und wie ihre Zukunftspl\u00e4ne aussehen, das verr\u00e4t Lili Paul-Roncalli am 5. Juni in der NDR Talk Show.<\/p>\n<p style=\"text-align: justify;\">\n","protected":false},"excerpt":{"rendered":"<p>NDR fernsehen, 22:00 Uhr &#8211; 00:15 Uhr + hr fernsehen, 22:00 Uhr \u2013 00:05 Uhr! Barbara Sch\u00f6neberger und Hubertus Meyer-Burckhardt!<\/p>\n","protected":false},"author":2,"featured_media":136207,"comment_status":"open","ping_status":"closed","sticky":false,"template":"","format":"standard","meta":{"_FSMCFIC_featured_image_caption":"","_FSMCFIC_featured_image_nocaption":"","_FSMCFIC_featured_image_hide":""},"categories":[29,128],"tags":[254],"acf":[],"_links":{"self":[{"href":"https:\/\/smago.de\/ws2\/wp-json\/wp\/v2\/posts\/147780"}],"collection":[{"href":"https:\/\/smago.de\/ws2\/wp-json\/wp\/v2\/posts"}],"about":[{"href":"https:\/\/smago.de\/ws2\/wp-json\/wp\/v2\/types\/post"}],"author":[{"embeddable":true,"href":"https:\/\/smago.de\/ws2\/wp-json\/wp\/v2\/users\/2"}],"replies":[{"embeddable":true,"href":"https:\/\/smago.de\/ws2\/wp-json\/wp\/v2\/comments?post=147780"}],"version-history":[{"count":2,"href":"https:\/\/smago.de\/ws2\/wp-json\/wp\/v2\/posts\/147780\/revisions"}],"predecessor-version":[{"id":147782,"href":"https:\/\/smago.de\/ws2\/wp-json\/wp\/v2\/posts\/147780\/revisions\/147782"}],"wp:featuredmedia":[{"embeddable":true,"href":"https:\/\/smago.de\/ws2\/wp-json\/wp\/v2\/media\/136207"}],"wp:attachment":[{"href":"https:\/\/smago.de\/ws2\/wp-json\/wp\/v2\/media?parent=147780"}],"wp:term":[{"taxonomy":"category","embeddable":true,"href":"https:\/\/smago.de\/ws2\/wp-json\/wp\/v2\/categories?post=147780"},{"taxonomy":"post_tag","embeddable":true,"href":"https:\/\/smago.de\/ws2\/wp-json\/wp\/v2\/tags?post=147780"}],"curies":[{"name":"wp","href":"https:\/\/api.w.org\/{rel}","templated":true}]}}